{"id":7914,"date":"2026-09-06T12:07:04","date_gmt":"2026-09-06T09:07:04","guid":{"rendered":"https:\/\/arttmodernmiami.com\/?p=7914"},"modified":"2026-09-06T12:09:41","modified_gmt":"2026-09-06T09:09:41","slug":"arttmodernmiami-weekly-astrology","status":"publish","type":"post","link":"https:\/\/arttmodernmiami.com\/tr\/7914\/arttmodernmiami-weekly-astrology\/","title":{"rendered":"Arttmodernmiami Haftal\u0131k Astroloji"},"content":{"rendered":"\n<h3 class=\"wp-block-heading\"><strong>6\u201313 Eyl\u00fcl 2026<\/strong><strong><\/strong><\/h3>\n\n\n\n<h3 class=\"wp-block-heading\"><strong>Sessizlikten Do\u011fan Yeni Bir Hik\u00e2ye<\/strong><strong><\/strong><\/h3>\n\n\n\n<p>Bu hafta g\u00f6ky\u00fcz\u00fc bizi yaln\u0131zca yeni bir ba\u015flang\u0131ca de\u011fil, hayat\u0131m\u0131z\u0131n edit\u00f6rl\u00fc\u011f\u00fcn\u00fc yeniden \u00fcstlenmeye \u00e7a\u011f\u0131r\u0131yor.<\/p>\n\n\n\n<p>Haftan\u0131n ilk g\u00fcnlerinde k\u00fc\u00e7\u00fclen Ay, art\u0131k i\u015flevini tamamlam\u0131\u015f d\u00fc\u015f\u00fcnceleri, al\u0131\u015fkanl\u0131klar\u0131 ve duygusal y\u00fckleri g\u00f6r\u00fcn\u00fcr k\u0131l\u0131yor. 10 Eyl\u00fcl\u2019de ger\u00e7ekle\u015fen Ba\u015fak Yeniay\u0131 ise hayat\u0131m\u0131z\u0131n g\u00f6steri\u015fli de\u011fil, ger\u00e7ek anlamda s\u00fcrd\u00fcr\u00fclebilir taraflar\u0131n\u0131 yeniden kurmak i\u00e7in temiz bir sayfa a\u00e7\u0131yor.<\/p>\n\n\n\n<p>Ayn\u0131 g\u00fcn Merk\u00fcr\u2019\u00fcn Terazi\u2019ye ge\u00e7i\u015fi ileti\u015fimde zarafet, diplomasi ve estetik bir bak\u0131\u015f getirirken; Ven\u00fcs\u2019\u00fcn Akrep\u2019e ge\u00e7i\u015fi ili\u015fkilerin g\u00f6r\u00fcnen y\u00fcz\u00fcnden \u00e7ok, sakl\u0131 kalan duygular\u0131n\u0131 g\u00fcndeme ta\u015f\u0131yor. Yine 10 Eyl\u00fcl\u2019de Uran\u00fcs\u2019\u00fcn \u0130kizler burcunda retro harekete ba\u015flamas\u0131yla birlikte d\u00fc\u015f\u00fcncelerimizi, inand\u0131\u011f\u0131m\u0131z hik\u00e2yeleri ve dijital d\u00fcnyayla kurdu\u011fumuz ili\u015fkiyi sorgulayabiliriz.<\/p>\n\n\n\n<p>Bu haftan\u0131n sorusu \u015fu:<\/p>\n\n\n\n<p><strong>Hayat\u0131m\u0131z\u0131 ger\u00e7ekten kendi se\u00e7imlerimizle mi kuruyoruz, yoksa uzun zamand\u0131r bize ait olmayan bir hik\u00e2yeyi mi s\u00fcrd\u00fcr\u00fcyoruz?<\/strong><strong><\/strong><\/p>\n\n\n\n<h3 class=\"wp-block-heading\"><strong>Haftan\u0131n Temas\u0131<\/strong><strong><\/strong><\/h3>\n\n\n\n<p><strong>Sadele\u015ftir. Derinle\u015f. Yeniden yaz.<\/strong><strong><\/strong><\/p>\n\n\n\n<p>Ba\u015fak Yeniay\u0131 b\u00fcy\u00fck s\u00f6zlerden \u00e7ok k\u00fc\u00e7\u00fck ama etkili d\u00fczenlemeleri destekliyor. Bir \u00e7al\u0131\u015fma masas\u0131n\u0131 toparlamak, yeni bir yarat\u0131c\u0131 rutine ba\u015flamak, sa\u011fl\u0131kl\u0131 bir s\u0131n\u0131r koymak veya uzun zamand\u0131r ertelenen bir projeyi somutla\u015ft\u0131rmak bu haftan\u0131n g\u00f6ky\u00fcz\u00fcyle uyumlu olabilir.<\/p>\n\n\n\n<p>Ven\u00fcs Akrep\u2019teyken y\u00fczeysel yak\u0131nl\u0131klar tatmin etmeyebilir. Ger\u00e7ek ba\u011flar derinle\u015firken, g\u00fcven ta\u015f\u0131mayan ili\u015fkilerde sakl\u0131 gerilimler g\u00f6r\u00fcn\u00fcr h\u00e2le gelebilir. Merk\u00fcr Terazi ise en zor ger\u00e7e\u011fin bile do\u011fru tonla ifade edilebilece\u011fini hat\u0131rlat\u0131yor.<\/p>\n\n\n\n<h2 class=\"wp-block-heading\"><strong>Bur\u00e7lara G\u00f6re Haftal\u0131k Yorumlar<\/strong><strong><\/strong><\/h2>\n\n\n\n<p><strong>Ko\u00e7<\/strong><strong><\/strong><\/p>\n\n\n\n<p>\u0130\u015f, sa\u011fl\u0131k ve g\u00fcnl\u00fck d\u00fczeninizde yeni bir sistem kurman\u0131z gerekebilir. Her \u015feyi irade g\u00fcc\u00fcyle \u00e7\u00f6zmek yerine hayat\u0131n\u0131z\u0131 kolayla\u015ft\u0131racak bir ritim olu\u015fturun. \u0130li\u015fkilerde s\u00f6ylenenlerden \u00e7ok, s\u00f6ylenmeyenleri fark edebilirsiniz.<\/p>\n\n\n\n<p><strong>Bo\u011fa<\/strong><strong><\/strong><\/p>\n\n\n\n<p>Yarat\u0131c\u0131l\u0131k, a\u015fk ve kendinizi ifade etme bi\u00e7iminiz yenileniyor. Kusursuz g\u00f6r\u00fcnmeye \u00e7al\u0131\u015fmak yerine size ger\u00e7ekten ait olan\u0131 \u00fcretin. \u0130li\u015fkilerde y\u00fczeysel cevaplar yeterli gelmeyebilir; d\u00fcr\u00fcstl\u00fck yak\u0131nl\u0131\u011f\u0131 art\u0131racakt\u0131r.<\/p>\n\n\n\n<p><strong>\u0130kizler<\/strong><strong><\/strong><\/p>\n\n\n\n<p>Uran\u00fcs\u2019\u00fcn burcunuzda retroya d\u00f6nmesi kimli\u011finiz, fikirleriniz ve gelecekte olmak istedi\u011finiz ki\u015fi hakk\u0131nda i\u00e7sel bir sorgulama ba\u015flatabilir. Ev ve aile alan\u0131ndaki yeni d\u00fczenlemeler, zihinsel olarak da daha g\u00fcvende hissetmenizi sa\u011flayabilir.<\/p>\n\n\n\n<p><strong>Yenge\u00e7<\/strong><strong><\/strong><\/p>\n\n\n\n<p>Mars\u2019\u0131n burcunuzdaki hareketi sizi cesaretlendirirken zaman zaman daha tepkisel h\u00e2le getirebilir. Bu hafta s\u00f6zleriniz g\u00fc\u00e7l\u00fc; onlar\u0131 savunma mekanizmas\u0131 olarak de\u011fil, yeni ba\u011flant\u0131lar kurmak i\u00e7in kullan\u0131n. Bir yaz\u0131, g\u00f6r\u00fc\u015fme veya fikir \u00f6nemli bir ba\u015flang\u0131ca d\u00f6n\u00fc\u015febilir.<\/p>\n\n\n\n<p><strong>Aslan<\/strong><strong><\/strong><\/p>\n\n\n\n<p>J\u00fcpiter burcunuzda ilerlerken g\u00f6r\u00fcn\u00fcrl\u00fc\u011f\u00fcn\u00fcz ve b\u00fcy\u00fcme arzunuz art\u0131yor. Ancak bu haftan\u0131n Yeniay\u0131 sizden yaln\u0131zca daha fazlas\u0131n\u0131 istemenizi de\u011fil, sahip olduklar\u0131n\u0131za ger\u00e7ek bir de\u011fer bi\u00e7menizi istiyor. Maddi ve yarat\u0131c\u0131 kaynaklar\u0131n\u0131z\u0131 yeniden d\u00fczenleyin.<\/p>\n\n\n\n<p><strong>Ba\u015fak<\/strong><strong><\/strong><\/p>\n\n\n\n<p>Bu sizin Yeniay\u0131n\u0131z. Kim oldu\u011funuz, nas\u0131l g\u00f6r\u00fcnmek istedi\u011finiz ve hayat\u0131n\u0131zda neye yer a\u00e7aca\u011f\u0131n\u0131z konusunda yeni bir sayfa a\u00e7abilirsiniz. Fakat bu ba\u015flang\u0131\u00e7, ba\u015fka birine d\u00f6n\u00fc\u015fmekten \u00e7ok gereksiz katmanlardan ar\u0131narak kendinize yakla\u015fmakla ilgili.<\/p>\n\n\n\n<p><strong>Terazi<\/strong><strong><\/strong><\/p>\n\n\n\n<p>Merk\u00fcr\u2019\u00fcn burcunuza ge\u00e7mesi zihinsel netli\u011finizi ve ifade g\u00fcc\u00fcn\u00fcz\u00fc art\u0131r\u0131yor. Buna ra\u011fmen Yeniay sizden biraz geri \u00e7ekilmenizi ve perde arkas\u0131nda kalan duygular\u0131n\u0131z\u0131 dinlemenizi istiyor. Her \u015feyi hemen a\u00e7\u0131klamak zorunda de\u011filsiniz.<\/p>\n\n\n\n<p><strong>Akrep<\/strong><strong><\/strong><\/p>\n\n\n\n<p>Ven\u00fcs\u2019\u00fcn burcunuza ge\u00e7mesi \u00e7ekicili\u011finizi, sezgilerinizi ve duygusal yo\u011funlu\u011funuzu g\u00fc\u00e7lendiriyor. Sosyal \u00e7evrenizde yeni bir ba\u015flang\u0131\u00e7 ya\u015fanabilir. Ancak art\u0131k yaln\u0131zca g\u00f6r\u00fcn\u00fcr olmak de\u011fil, do\u011fru insanlarla ger\u00e7ek ba\u011flar kurmak isteyeceksiniz.<\/p>\n\n\n\n<p><strong>Yay<\/strong><strong><\/strong><\/p>\n\n\n\n<p>Kariyerinizde veya kamusal kimli\u011finizde yeni bir d\u00f6nem ba\u015flayabilir. B\u00fcy\u00fck vizyonunuzu uygulanabilir bir plana d\u00f6n\u00fc\u015ft\u00fcr\u00fcn. Bir proje, i\u015fbirli\u011fi veya profesyonel karar d\u00fc\u015f\u00fcnd\u00fc\u011f\u00fcn\u00fczden daha fazla g\u00f6r\u00fcn\u00fcrl\u00fck getirebilir.<\/p>\n\n\n\n<p><strong>O\u011flak<\/strong><strong><\/strong><\/p>\n\n\n\n<p>Yeni bir e\u011fitim, yolculuk, yay\u0131nc\u0131l\u0131k projesi veya uluslararas\u0131 ba\u011flant\u0131 g\u00fcndeme gelebilir. Eski bir inanc\u0131n\u0131z\u0131 sorgulamak sizi zay\u0131flatmaz; tam tersine d\u00fcnyaya daha geni\u015f bir a\u00e7\u0131dan bakman\u0131z\u0131 sa\u011flar.<\/p>\n\n\n\n<p><strong>Kova<\/strong><strong><\/strong><\/p>\n\n\n\n<p>Ortak para, yat\u0131r\u0131m, g\u00fcven ve duygusal ba\u011flar konusunda yeni bir d\u00fczen kuruluyor. Belirsiz b\u0131rak\u0131lm\u0131\u015f mali veya ki\u015fisel meseleleri netle\u015ftirmek i\u00e7in uygun bir hafta. Kariyer alan\u0131nda ise daha stratejik ve etkileyici bir duru\u015f sergileyebilirsiniz.<\/p>\n\n\n\n<p><strong>Bal\u0131k<\/strong><strong><\/strong><\/p>\n\n\n\n<p>Ba\u015fak Yeniay\u0131 ili\u015fkiler ve ortakl\u0131klar alan\u0131n\u0131zda yeni bir kap\u0131 a\u00e7\u0131yor. Bir ili\u015fkinin ko\u015fullar\u0131 yeniden belirlenebilir veya \u00f6nemli bir i\u015fbirli\u011fi ba\u015flayabilir. Kendinizden vazge\u00e7meden yak\u0131nl\u0131k kurman\u0131n m\u00fcmk\u00fcn oldu\u011funu hat\u0131rlay\u0131n.<\/p>\n\n\n\n<h3 class=\"wp-block-heading\"><strong>Haftan\u0131n Sanat Notu<\/strong><strong><\/strong><\/h3>\n\n\n\n<p>Bu hafta yaratmak i\u00e7in ilham\u0131n gelmesini beklemeyin. \u00d6nce alan a\u00e7\u0131n, masaya oturun ve ba\u015flay\u0131n. \u0130lham \u00e7o\u011fu zaman hareket h\u00e2lindeki zihni bulur.<\/p>\n\n\n\n<p>Ba\u015fak Yeniay\u0131 sanat\u0131n yaln\u0131zca ilhamdan de\u011fil, tekrardan, disiplinden ve ayr\u0131nt\u0131ya g\u00f6sterilen \u00f6zenden do\u011fdu\u011funu hat\u0131rlat\u0131yor. Ven\u00fcs Akrep ise yarat\u0131c\u0131 \u00fcretime daha karanl\u0131k, duyusal ve psikolojik bir derinlik katabilir.<\/p>\n\n\n\n<p><strong>Haftan\u0131n c\u00fcmlesi:<\/strong><strong><\/strong><\/p>\n\n\n\n<p><em>Hayat\u0131m\u0131 kusursuzla\u015ft\u0131rmak zorunda de\u011filim. Bana ait olmayan\u0131 ay\u0131klamam yeterli.<\/em><em><\/em><\/p>\n\n\n\n<p>&nbsp;<strong>ARTTMODERNMIAMI GAZETE <\/strong><strong><\/strong><\/p>\n\n\n\n<p><strong>-Sanat, K\u00fclt\u00fcr ve Ya\u015fam\u0131n \u00c7a\u011fda\u015f Sesi-<\/strong><strong><\/strong><\/p>\n\n\n\n<p><strong>arttmodernmiami.com<\/strong><strong><\/strong><\/p>\n","protected":false},"excerpt":{"rendered":"<p>6\u201313 Eyl\u00fcl 2026 Sessizlikten Do\u011fan Yeni Bir Hik\u00e2ye Bu hafta g\u00f6ky\u00fcz\u00fc bizi yaln\u0131zca yeni bir ba\u015flang\u0131ca de\u011fil, hayat\u0131m\u0131z\u0131n edit\u00f6rl\u00fc\u011f\u00fcn\u00fc yeniden \u00fcstlenmeye \u00e7a\u011f\u0131r\u0131yor. Haftan\u0131n ilk g\u00fcnlerinde k\u00fc\u00e7\u00fclen Ay, art\u0131k i\u015flevini tamamlam\u0131\u015f d\u00fc\u015f\u00fcnceleri, al\u0131\u015fkanl\u0131klar\u0131 ve duygusal y\u00fckleri g\u00f6r\u00fcn\u00fcr k\u0131l\u0131yor. 10 Eyl\u00fcl\u2019de ger\u00e7ekle\u015fen Ba\u015fak Yeniay\u0131 ise hayat\u0131m\u0131z\u0131n g\u00f6steri\u015fli de\u011fil, ger\u00e7ek anlamda s\u00fcrd\u00fcr\u00fclebilir taraflar\u0131n\u0131 yeniden kurmak i\u00e7in temiz bir [&hellip;]<\/p>\n","protected":false},"author":4,"featured_media":7915,"comment_status":"open","ping_status":"open","sticky":false,"template":"","format":"standard","meta":[],"categories":[68],"tags":[91,197,62],"translation":{"provider":"WPGlobus","version":"3.0.0","language":"tr","enabled_languages":["en","tr"],"languages":{"en":{"title":true,"content":true,"excerpt":false},"tr":{"title":true,"content":true,"excerpt":false}}},"_links":{"self":[{"href":"https:\/\/arttmodernmiami.com\/tr\/wp-json\/wp\/v2\/posts\/7914"}],"collection":[{"href":"https:\/\/arttmodernmiami.com\/tr\/wp-json\/wp\/v2\/posts"}],"about":[{"href":"https:\/\/arttmodernmiami.com\/tr\/wp-json\/wp\/v2\/types\/post"}],"author":[{"embeddable":true,"href":"https:\/\/arttmodernmiami.com\/tr\/wp-json\/wp\/v2\/users\/4"}],"replies":[{"embeddable":true,"href":"https:\/\/arttmodernmiami.com\/tr\/wp-json\/wp\/v2\/comments?post=7914"}],"version-history":[{"count":3,"href":"https:\/\/arttmodernmiami.com\/tr\/wp-json\/wp\/v2\/posts\/7914\/revisions"}],"predecessor-version":[{"id":7919,"href":"https:\/\/arttmodernmiami.com\/tr\/wp-json\/wp\/v2\/posts\/7914\/revisions\/7919"}],"wp:featuredmedia":[{"embeddable":true,"href":"https:\/\/arttmodernmiami.com\/tr\/wp-json\/wp\/v2\/media\/7915"}],"wp:attachment":[{"href":"https:\/\/arttmodernmiami.com\/tr\/wp-json\/wp\/v2\/media?parent=7914"}],"wp:term":[{"taxonomy":"category","embeddable":true,"href":"https:\/\/arttmodernmiami.com\/tr\/wp-json\/wp\/v2\/categories?post=7914"},{"taxonomy":"post_tag","embeddable":true,"href":"https:\/\/arttmodernmiami.com\/tr\/wp-json\/wp\/v2\/tags?post=7914"}],"curies":[{"name":"wp","href":"https:\/\/api.w.org\/{rel}","templated":true}]}}