{"id":7513,"date":"2026-05-03T12:02:29","date_gmt":"2026-05-03T09:02:29","guid":{"rendered":"https:\/\/arttmodernmiami.com\/?p=7513"},"modified":"2026-05-03T12:03:54","modified_gmt":"2026-05-03T09:03:54","slug":"the-age-of-depth-the-scorpio-full-moon-and-the-emergence-of-the-unseen","status":"publish","type":"post","link":"https:\/\/arttmodernmiami.com\/tr\/7513\/the-age-of-depth-the-scorpio-full-moon-and-the-emergence-of-the-unseen\/","title":{"rendered":"Derinlik \u00c7a\u011f\u0131: Akrep Dolunay\u0131 ve G\u00f6r\u00fcnmeyenin Y\u00fczeye \u00c7\u0131k\u0131\u015f\u0131"},"content":{"rendered":"\n<p><em>3 \u2013 10 May\u0131s 2026 | ArtTmodernmiami Gazete<\/em><\/p>\n\n\n\n<p>Baz\u0131 haftalar vard\u0131r; hayat ileri gitmez;<br>&nbsp;<strong>derinle\u015fir.<\/strong><\/p>\n\n\n\n<p>&nbsp;&nbsp;&nbsp;&nbsp; 3 May\u0131s ile ba\u015flayan bu hafta, tam olarak b\u00f6yle bir e\u015fikten ge\u00e7iyor. G\u00f6ky\u00fcz\u00fc hareketleri, \u00f6zellikle 1 May\u0131s\u2019ta ger\u00e7ekle\u015fen Akrep Dolunay\u0131\u2019n\u0131n etkisiyle, bizi d\u0131\u015far\u0131ya de\u011fil i\u00e7eriye do\u011fru \u00e7ekiyor. Ve bu \u00e7ekim, y\u00fczeysel bir i\u00e7e d\u00f6n\u00fc\u015f de\u011fil; katman katman a\u00e7\u0131lan, \u00e7o\u011fu zaman rahats\u0131z edici ama ka\u00e7\u0131n\u0131lmaz bir fark\u0131ndal\u0131k alan\u0131.<\/p>\n\n\n\n<p>&nbsp;&nbsp;&nbsp; Astrolojide Akrep yaln\u0131zca d\u00f6n\u00fc\u015f\u00fcm\u00fc temsil etmez.<br>&nbsp;Kontrol ile b\u0131rakma, g\u00fc\u00e7 ile kay\u0131p, biti\u015f ile yeniden do\u011fu\u015f aras\u0131ndaki ince \u00e7izgiyi y\u00f6netir. Bu dolunay\u0131n etkisi alt\u0131nda, uzun s\u00fcredir ask\u0131da kalan meseleler art\u0131k ertelenemez hale gelir.<br>&nbsp;\u00c7\u00fcnk\u00fc Akrep enerjisi beklemez;<strong>ortaya \u00e7\u0131kar\u0131r. <\/strong>Bu hafta bir\u00e7ok insan i\u00e7in mesele \u201cNe yapmal\u0131y\u0131m?\u201d sorusu de\u011fil.<br>&nbsp;As\u0131l soru daha sade ve daha sert:<br>&nbsp;<strong>\u201cArt\u0131k neyi g\u00f6rmezden gelemem?\u201d<\/strong><\/p>\n\n\n\n<h2 class=\"wp-block-heading\"><a><\/a><strong>G\u00f6r\u00fcn\u00fcr Olan ile Ger\u00e7ek Olan Aras\u0131ndaki Mesafe<\/strong><\/h2>\n\n\n\n<p>Modern ya\u015fam, \u00f6zellikle dijital \u00e7a\u011f, insanlara kendilerini istedikleri gibi kurgulama alan\u0131 tan\u0131r. Art\u0131k kim oldu\u011fumuzdan \u00e7ok, nas\u0131l g\u00f6r\u00fcnd\u00fc\u011f\u00fcm\u00fcz \u00fczerinden bir kimlik in\u015fa ediyoruz. Ancak Akrep Dolunay\u0131 bu kurguyu sevmez. Onu s\u0131nar.<\/p>\n\n\n\n<p>&nbsp;&nbsp;&nbsp;&nbsp;&nbsp; \u0130li\u015fkilerde bu durum daha da belirginle\u015fir. Bir\u00e7ok ba\u011f bu hafta dramatik \u015fekilde kopmayabilir; fakat i\u00e7sel olarak anlam\u0131n\u0131 kaybedebilir. \u00c7\u00fcnk\u00fc Akrep etkisi, y\u00fczeydeki uyuma de\u011fil, alt\u0131nda yatan <strong>g\u00fc\u00e7 dengelerine<\/strong> bakar.<\/p>\n\n\n\n<p>Kim kontrol ediyor?<br>&nbsp;Kim susuyor?<br>&nbsp;Kim ger\u00e7ekten oradad\u0131r.<\/p>\n\n\n\n<p>&nbsp;&nbsp; Bu sorular\u0131n cevaplar\u0131 \u00e7o\u011fu zaman y\u00fcksek sesle verilmez. Ama hissedilir. Ve bu hafta, hisler yan\u0131ltmaz.<\/p>\n\n\n\n<h2 class=\"wp-block-heading\"><a><\/a><strong>Miami <\/strong><strong>: Esteti\u011fin Alt\u0131ndaki Gerilim<\/strong><\/h2>\n\n\n\n<p>Bu astrolojik ge\u00e7i\u015fin etkisi, Miami gibi \u015fehirlerde daha keskin hissedilir. \u00c7\u00fcnk\u00fc buras\u0131 g\u00f6r\u00fcn\u00fcrl\u00fck \u00fczerine kurulu bir sahnedir: estetik, stil, sosyal ak\u0131\u015f ve s\u00fcrekli bir \u201cparlama hali.\u201d<\/p>\n\n\n\n<p>&nbsp;&nbsp;&nbsp; Ama bu hafta, o parlak y\u00fczeyin alt\u0131nda farkl\u0131 bir titre\u015fim vard\u0131r. G\u00fcnd\u00fczleri her \u015fey h\u00e2l\u00e2 kusursuz g\u00f6r\u00fcnebilir: plajlar, davetler, sanat \u00e7evreleri\u2026<br>&nbsp;Ama geceleri \u015fehir biraz daha yava\u015flar. \u0130nsanlar kalabal\u0131klar\u0131n i\u00e7indeyken bile yaln\u0131zla\u015fabilir. Bu bir \u00e7eli\u015fki de\u011fil; Akrep\u2019in do\u011fas\u0131d\u0131r. \u00c7\u00fcnk\u00fc ger\u00e7ek ba\u011flar kalabal\u0131kta de\u011fil, <strong>derinlikte kurulur.<\/strong><\/p>\n\n\n\n<p>Ve bu hafta bir\u00e7ok ki\u015fi \u015funu fark edebilir:<br>&nbsp;Etraf\u0131ndaki insan say\u0131s\u0131 ile ger\u00e7ekten ba\u011fl\u0131 oldu\u011fu insanlar ayn\u0131 \u015fey de\u011fildir.<\/p>\n\n\n\n<h2 class=\"wp-block-heading\"><a><\/a><strong>G\u00fc\u00e7, Kontrol ve B\u0131rakma Sanat\u0131<\/strong><\/h2>\n\n\n\n<p>Akrep Dolunay\u0131 ayn\u0131 zamanda bir g\u00fc\u00e7 testidir.<br>&nbsp;Ama bu g\u00fc\u00e7, ba\u015fkalar\u0131na kar\u015f\u0131 de\u011fil; ki\u015finin kendi i\u00e7indeki kontrol ihtiyac\u0131na kar\u015f\u0131d\u0131r. \u0130nsan zihni kontrol etmeyi sever:<br>&nbsp;ili\u015fkileri, sonu\u00e7lar\u0131, insanlar\u0131n davran\u0131\u015flar\u0131n\u0131, hatta zamanlamay\u0131.<\/p>\n\n\n\n<p>&nbsp;&nbsp;&nbsp; Ancak bu hafta, kontrol etmeye \u00e7al\u0131\u015ft\u0131k\u00e7a gerilim artar.<br>&nbsp;B\u0131rakt\u0131k\u00e7a ise \u00e7\u00f6z\u00fclme ba\u015flar. Bu bir teslimiyet \u00e7a\u011fr\u0131s\u0131 de\u011fildir.&nbsp; Bu, daha rafine bir g\u00fc\u00e7 tan\u0131m\u0131d\u0131r.<\/p>\n\n\n\n<p>\u00c7\u00fcnk\u00fc ger\u00e7ek g\u00fc\u00e7 bazen \u015funu diyebilmektir:<br>&nbsp;<strong>\u201cBunu zorlamayaca\u011f\u0131m.\u201d<\/strong><\/p>\n\n\n\n<h2 class=\"wp-block-heading\"><a><\/a><strong>Yava\u015flayan Zihin, Netle\u015fen Ger\u00e7ekler<\/strong><\/h2>\n\n\n\n<p>Merk\u00fcr\u2019\u00fcn Bo\u011fa burcuna ge\u00e7i\u015fiyle birlikte zihinsel tempo de\u011fi\u015fir. H\u0131zl\u0131 kararlar ve ani tepkiler yerini daha yava\u015f ama daha sa\u011flam bir d\u00fc\u015f\u00fcnce yap\u0131s\u0131na b\u0131rak\u0131r.<\/p>\n\n\n\n<p>Bu ge\u00e7i\u015f, dolunay\u0131n duygusal yo\u011funlu\u011funu dengeliyor gibi g\u00f6r\u00fcnse de asl\u0131nda ba\u015fka bir \u015feyi a\u00e7\u0131\u011fa \u00e7\u0131kar\u0131r:<\/p>\n\n\n\n<p>Duygular ge\u00e7icidir. Ama fark\u0131ndal\u0131k kal\u0131c\u0131d\u0131r. Bu hafta al\u0131nan kararlar aceleyle verilmezse, uzun vadeli olacakt\u0131r.<br>&nbsp;Ve \u00e7o\u011fu zaman dramatik de\u011fil; <strong>sessiz ama kesin<\/strong> olacakt\u0131r.<\/p>\n\n\n\n<h2 class=\"wp-block-heading\"><a><\/a><strong>Sonu\u00e7: \u0130leri Gitmek De\u011fil, \u0130\u00e7eri \u0130nmek<\/strong><\/h2>\n\n\n\n<p>Bu hafta klasik anlamda bir \u201cilerleme\u201d haftas\u0131 de\u011fil.<br>&nbsp;Yeni ba\u015flang\u0131\u00e7lar, b\u00fcy\u00fck ad\u0131mlar, d\u0131\u015fa d\u00f6n\u00fck ba\u015far\u0131 hik\u00e2yeleri ikinci planda. As\u0131l hareket i\u00e7eride.<\/p>\n\n\n\n<p>&nbsp;&nbsp; Baz\u0131 insanlar hayatlar\u0131nda bir \u015feyleri kaybediyormu\u015f gibi hissedebilir. Ama \u00e7o\u011fu zaman kaybedilen \u015fey, zaten ger\u00e7ek olmayan bir versiyondur.<\/p>\n\n\n\n<p>Akrep Dolunay\u0131 eksiltmez; <strong>ar\u0131nd\u0131r\u0131r.<\/strong><\/p>\n\n\n\n<p>Ve belki de bu haftan\u0131n en \u00f6nemli ger\u00e7e\u011fi \u015fu:<\/p>\n\n\n\n<p>Hayat bazen ileri gitmekle de\u011fil,<br>&nbsp;<strong>fazlal\u0131klar\u0131 b\u0131rakmakla de\u011fi\u015fir.<\/strong><\/p>\n\n\n\n<h1 class=\"wp-block-heading\"><a><\/a><strong>\ud83d\udd2e<\/strong><strong>Bur\u00e7lara Etkiler | 3 \u2013 10 May\u0131s 2026<\/strong><\/h1>\n\n\n\n<h2 class=\"wp-block-heading\"><a><\/a><strong>\u2648 Ko\u00e7<\/strong><\/h2>\n\n\n\n<p>G\u00fc\u00e7, kontrol ve ortak kaynaklar g\u00fcndemde.<br>&nbsp;\ud83d\udc49 Zorlamak yerine strateji geli\u015ftir<\/p>\n\n\n\n<h2 class=\"wp-block-heading\"><a><\/a><strong>\u2649 Bo\u011fa<\/strong><\/h2>\n\n\n\n<p>\u0130li\u015fkiler netle\u015fiyor.<br>&nbsp;\ud83d\udc49 Ger\u00e7ek olan derinle\u015fir, ill\u00fczyon \u00e7\u00f6z\u00fcl\u00fcr<\/p>\n\n\n\n<h2 class=\"wp-block-heading\"><a><\/a><strong>\u264a \u0130kizler<\/strong><\/h2>\n\n\n\n<p>Bedenin, zihninden daha y\u00fcksek sesle konu\u015fuyor.<br>&nbsp;\ud83d\udc49 Rutinlerini sadele\u015ftir<\/p>\n\n\n\n<h2 class=\"wp-block-heading\"><a><\/a><strong>\u264b Yenge\u00e7<\/strong><\/h2>\n\n\n\n<p>A\u015fk ve yarat\u0131c\u0131l\u0131k alan\u0131nda duygusal ger\u00e7eklik<br>&nbsp;\ud83d\udc49 Y\u00fczey de\u011fil, derinlik kazan\u0131r<\/p>\n\n\n\n<h2 class=\"wp-block-heading\"><a><\/a><strong>\u264c Aslan<\/strong><\/h2>\n\n\n\n<p>Ev ve duygusal temel de\u011fi\u015fiyor<br>&nbsp;\ud83d\udc49 Art\u0131k \u201cyuva\u201d hissettirmeyeni b\u0131rak<\/p>\n\n\n\n<h2 class=\"wp-block-heading\"><a><\/a><strong>\u264d Ba\u015fak<\/strong><\/h2>\n\n\n\n<p>Bir konu\u015fma y\u00f6n\u00fcn\u00fc de\u011fi\u015ftirebilir<br>&nbsp;\ud83d\udc49 Net ama dikkatli ol<\/p>\n\n\n\n<h2 class=\"wp-block-heading\"><a><\/a><strong>\u264e Terazi<\/strong><\/h2>\n\n\n\n<p>De\u011fer alg\u0131s\u0131 ve para konular\u0131<br>&nbsp;\ud83d\udc49 Kendine bi\u00e7ti\u011fin de\u011feri yeniden tan\u0131mla<\/p>\n\n\n\n<h2 class=\"wp-block-heading\"><a><\/a><strong>\u264f Akrep<\/strong><\/h2>\n\n\n\n<p>Senin dolunay\u0131n<br>&nbsp;\ud83d\udc49 Eski bir kimli\u011fi geride b\u0131rak\u0131yorsun<\/p>\n\n\n\n<h2 class=\"wp-block-heading\"><a><\/a><strong>\u2650 Yay<\/strong><\/h2>\n\n\n\n<p>\u0130\u00e7 d\u00fcnya yo\u011funla\u015f\u0131yor<br>&nbsp;\ud83d\udc49 Acele etme, g\u00f6zlemle<\/p>\n\n\n\n<h2 class=\"wp-block-heading\"><a><\/a><strong>\u2651 O\u011flak<\/strong><\/h2>\n\n\n\n<p>Sosyal \u00e7evre d\u00f6n\u00fc\u015f\u00fcyor<br>&nbsp;\ud83d\udc49 Kalabal\u0131k de\u011fil, derinlik \u00f6nemli<\/p>\n\n\n\n<h2 class=\"wp-block-heading\"><a><\/a><strong>\u2652 Kova<\/strong><\/h2>\n\n\n\n<p>Kariyer alan\u0131nda bask\u0131 ve d\u00f6n\u00fc\u015f\u00fcm<br>&nbsp;\ud83d\udc49 G\u00fc\u00e7 dinamiklerini do\u011fru oku<\/p>\n\n\n\n<h2 class=\"wp-block-heading\"><a><\/a><strong>\u2653 Bal\u0131k<\/strong><\/h2>\n\n\n\n<p>Bak\u0131\u015f a\u00e7\u0131n kal\u0131c\u0131 \u015fekilde de\u011fi\u015fiyor<br>&nbsp;\ud83d\udc49 Sessiz bir fark\u0131ndal\u0131k geliyor<\/p>\n\n\n\n<p>Astroloji Ekibi<\/p>\n","protected":false},"excerpt":{"rendered":"<p>3 \u2013 10 May\u0131s 2026 | ArtTmodernmiami Gazete Baz\u0131 haftalar vard\u0131r; hayat ileri gitmez;&nbsp;derinle\u015fir. &nbsp;&nbsp;&nbsp;&nbsp; 3 May\u0131s ile ba\u015flayan bu hafta, tam olarak b\u00f6yle bir e\u015fikten ge\u00e7iyor. G\u00f6ky\u00fcz\u00fc hareketleri, \u00f6zellikle 1 May\u0131s\u2019ta ger\u00e7ekle\u015fen Akrep Dolunay\u0131\u2019n\u0131n etkisiyle, bizi d\u0131\u015far\u0131ya de\u011fil i\u00e7eriye do\u011fru \u00e7ekiyor. Ve bu \u00e7ekim, y\u00fczeysel bir i\u00e7e d\u00f6n\u00fc\u015f de\u011fil; katman katman a\u00e7\u0131lan, \u00e7o\u011fu zaman [&hellip;]<\/p>\n","protected":false},"author":4,"featured_media":7514,"comment_status":"open","ping_status":"open","sticky":false,"template":"","format":"standard","meta":[],"categories":[68],"tags":[91,197,62],"translation":{"provider":"WPGlobus","version":"3.0.0","language":"tr","enabled_languages":["en","tr"],"languages":{"en":{"title":true,"content":true,"excerpt":false},"tr":{"title":true,"content":true,"excerpt":false}}},"_links":{"self":[{"href":"https:\/\/arttmodernmiami.com\/tr\/wp-json\/wp\/v2\/posts\/7513"}],"collection":[{"href":"https:\/\/arttmodernmiami.com\/tr\/wp-json\/wp\/v2\/posts"}],"about":[{"href":"https:\/\/arttmodernmiami.com\/tr\/wp-json\/wp\/v2\/types\/post"}],"author":[{"embeddable":true,"href":"https:\/\/arttmodernmiami.com\/tr\/wp-json\/wp\/v2\/users\/4"}],"replies":[{"embeddable":true,"href":"https:\/\/arttmodernmiami.com\/tr\/wp-json\/wp\/v2\/comments?post=7513"}],"version-history":[{"count":2,"href":"https:\/\/arttmodernmiami.com\/tr\/wp-json\/wp\/v2\/posts\/7513\/revisions"}],"predecessor-version":[{"id":7517,"href":"https:\/\/arttmodernmiami.com\/tr\/wp-json\/wp\/v2\/posts\/7513\/revisions\/7517"}],"wp:featuredmedia":[{"embeddable":true,"href":"https:\/\/arttmodernmiami.com\/tr\/wp-json\/wp\/v2\/media\/7514"}],"wp:attachment":[{"href":"https:\/\/arttmodernmiami.com\/tr\/wp-json\/wp\/v2\/media?parent=7513"}],"wp:term":[{"taxonomy":"category","embeddable":true,"href":"https:\/\/arttmodernmiami.com\/tr\/wp-json\/wp\/v2\/categories?post=7513"},{"taxonomy":"post_tag","embeddable":true,"href":"https:\/\/arttmodernmiami.com\/tr\/wp-json\/wp\/v2\/tags?post=7513"}],"curies":[{"name":"wp","href":"https:\/\/api.w.org\/{rel}","templated":true}]}}