{"id":7503,"date":"2026-04-29T13:26:43","date_gmt":"2026-04-29T10:26:43","guid":{"rendered":"https:\/\/arttmodernmiami.com\/?p=7503"},"modified":"2026-04-29T13:36:20","modified_gmt":"2026-04-29T10:36:20","slug":"pura-vida","status":"publish","type":"post","link":"https:\/\/arttmodernmiami.com\/tr\/7503\/pura-vida\/","title":{"rendered":"Pura Vida"},"content":{"rendered":"<div class=\"wp-block-image\">\n<figure class=\"alignright size-large is-resized\"><img decoding=\"async\" loading=\"lazy\" src=\"https:\/\/arttmodernmiami.com\/wp-content\/uploads\/2026\/03\/image-30-736x1024.png\" alt=\"\" class=\"wp-image-7360\" width=\"266\" height=\"378\"\/><\/figure><\/div>\n\n\n<p>Costa Rica\u2019ya bu sene ilk defa, bir ayl\u0131\u011f\u0131na gittim.<br><\/p>\n\n\n\n<p>Bedenim ve zihnim hen\u00fcz yeni yerini anlamaya \u00e7al\u0131\u015f\u0131rken, daha ilk ak\u015fam \u2014 yol h\u00e2l\u00e2 \u00fczerimizdeyken \u2014 k\u00fc\u00e7\u00fck bir sahil restoran\u0131nda garson g\u00fcl\u00fcmseyerek e\u011fildi ve tek bir c\u00fcmleyle \u00fclkenin kap\u0131s\u0131n\u0131 aralad\u0131:<br><\/p>\n\n\n\n<figure class=\"wp-block-image size-large\"><img decoding=\"async\" loading=\"lazy\" width=\"768\" height=\"1024\" src=\"https:\/\/arttmodernmiami.com\/wp-content\/uploads\/2026\/04\/image-44-768x1024.png\" alt=\"\" class=\"wp-image-7505\" srcset=\"https:\/\/arttmodernmiami.com\/wp-content\/uploads\/2026\/04\/image-44-768x1024.png 768w, https:\/\/arttmodernmiami.com\/wp-content\/uploads\/2026\/04\/image-44-225x300.png 225w, https:\/\/arttmodernmiami.com\/wp-content\/uploads\/2026\/04\/image-44-150x200.png 150w, https:\/\/arttmodernmiami.com\/wp-content\/uploads\/2026\/04\/image-44-300x400.png 300w, https:\/\/arttmodernmiami.com\/wp-content\/uploads\/2026\/04\/image-44-696x928.png 696w, https:\/\/arttmodernmiami.com\/wp-content\/uploads\/2026\/04\/image-44.png 974w\" sizes=\"(max-width: 768px) 100vw, 768px\" \/><\/figure>\n\n\n\n<p>\u201cPura vida.\u201d<br><\/p>\n\n\n\n<p>\u201cBunu \u00f6\u011frenirseniz,\u201d dedi, \u201cCosta Rica\u2019da \u0130spanyolcan\u0131n yar\u0131s\u0131n\u0131 \u00e7\u00f6zm\u00fc\u015f olursunuz.\u201d<br>\u0130lk duydu\u011funuzda biraz abart\u0131 gibi geliyor. Ama de\u011fil.<br>\u00c7\u00fcnk\u00fc pura vida sadece bir s\u00f6z de\u011fil.<br><\/p>\n\n\n\n<p>Bir dil k\u0131sayolu, bir ruh h\u00e2li, hatta k\u00fc\u00e7\u00fck bir ya\u015fam protokol\u00fc gibi.<br>G\u00fcnayd\u0131n yerine ge\u00e7iyor, te\u015fekk\u00fcr ederim yerine ge\u00e7iyor, nas\u0131ls\u0131n yerine ge\u00e7iyor, \u201ciyiyim\u201d yerine ge\u00e7iyor. Bazen bir bak\u0131\u015f\u0131n alt yaz\u0131s\u0131 oluyor, bazen bir g\u00fcl\u00fcmsemenin sessiz terc\u00fcmesi.<br>Kelime anlam\u0131 \u201cpure life.\u201d<br><\/p>\n\n\n\n<p>Yani \u201csade hayat\u201d anlam\u0131ndad\u0131r.<br>Ama orada, kahve kokusunun a\u011f\u0131r a\u011f\u0131r y\u00fckseldi\u011fi sabahlarda bu kelime, sade olmaktan \u00e7ok daha fazlas\u0131na d\u00f6n\u00fc\u015f\u00fcyor.<br><\/p>\n\n\n\n<p>Costa Rica\u2019da hava hep s\u0131cak.<br>Ama insan\u0131n ruhuna i\u015fleyen iki ayr\u0131 mevsim var: ya\u011fmurlu sezon ve kuru sezon.<br>Biri ya\u011fmurun ritmiyle ak\u0131yor, di\u011feri g\u00fcne\u015fin sabr\u0131yla.<br>Hangisi olursa olsun, hayat\u0131n temposu pek de\u011fi\u015fmiyor.<br>Belki de pura vida tam olarak bu:<br>Ko\u015fullara g\u00f6re de\u011fi\u015fmeyen bir i\u00e7 iklim.<\/p>\n\n\n\n<figure class=\"wp-block-image size-large\"><img decoding=\"async\" loading=\"lazy\" width=\"768\" height=\"1024\" src=\"https:\/\/arttmodernmiami.com\/wp-content\/uploads\/2026\/04\/image-45-768x1024.png\" alt=\"\" class=\"wp-image-7506\" srcset=\"https:\/\/arttmodernmiami.com\/wp-content\/uploads\/2026\/04\/image-45-768x1024.png 768w, https:\/\/arttmodernmiami.com\/wp-content\/uploads\/2026\/04\/image-45-225x300.png 225w, https:\/\/arttmodernmiami.com\/wp-content\/uploads\/2026\/04\/image-45-150x200.png 150w, https:\/\/arttmodernmiami.com\/wp-content\/uploads\/2026\/04\/image-45-300x400.png 300w, https:\/\/arttmodernmiami.com\/wp-content\/uploads\/2026\/04\/image-45-696x928.png 696w, https:\/\/arttmodernmiami.com\/wp-content\/uploads\/2026\/04\/image-45.png 974w\" sizes=\"(max-width: 768px) 100vw, 768px\" \/><\/figure>\n\n\n\n<p>Bir fincan kahve d\u00fc\u015f\u00fcn\u00fcn.<br>Y\u00fckseklerde, sisin i\u00e7inden \u00e7\u0131kan kahve tarlalar\u0131nda yeti\u015fmi\u015f; topra\u011f\u0131n mineralini, ya\u011fmurun ritmini, g\u00fcne\u015fin sabr\u0131n\u0131 i\u00e7ine \u00e7ekmi\u015f bir kahve. \u0130\u00e7ti\u011finizde sadece kahve i\u00e7miyorsunuz; bir \u00fclkenin temposunu yudumluyorsunuz.<br>Ne eksik, ne fazla\u2026<br>Yan\u0131k de\u011fil, sert de\u011fil, gereksiz \u015fekerli hi\u00e7 de\u011fil.<br>Tam karar\u0131nda.<\/p>\n\n\n\n<figure class=\"wp-block-image size-large\"><img decoding=\"async\" loading=\"lazy\" width=\"607\" height=\"1024\" src=\"https:\/\/arttmodernmiami.com\/wp-content\/uploads\/2026\/04\/image-46-607x1024.png\" alt=\"\" class=\"wp-image-7507\" srcset=\"https:\/\/arttmodernmiami.com\/wp-content\/uploads\/2026\/04\/image-46-607x1024.png 607w, https:\/\/arttmodernmiami.com\/wp-content\/uploads\/2026\/04\/image-46-178x300.png 178w, https:\/\/arttmodernmiami.com\/wp-content\/uploads\/2026\/04\/image-46-768x1295.png 768w, https:\/\/arttmodernmiami.com\/wp-content\/uploads\/2026\/04\/image-46-150x253.png 150w, https:\/\/arttmodernmiami.com\/wp-content\/uploads\/2026\/04\/image-46-300x506.png 300w, https:\/\/arttmodernmiami.com\/wp-content\/uploads\/2026\/04\/image-46-696x1174.png 696w, https:\/\/arttmodernmiami.com\/wp-content\/uploads\/2026\/04\/image-46.png 900w\" sizes=\"(max-width: 607px) 100vw, 607px\" \/><\/figure>\n\n\n\n<p>Costa Rica, volkanlar\u0131yla kaynayan bir \u00fclke.<br>Topra\u011f\u0131n alt\u0131nda s\u00fcrekli bir hareket, bir enerji, bir potansiyel var.<br>\u00dcst\u00fcnde ise neredeyse ta\u015facak kadar canl\u0131 bir do\u011fa: ya\u011fmur ormanlar\u0131, reng\u00e2renk ku\u015flar, tembel hayvanlar, kurba\u011falar, sonsuz ye\u015fil\u2026<br>Bu kadar dolu, bu kadar hareketli, bu kadar co\u015fkun bir do\u011fan\u0131n ortas\u0131nda insan\u0131n da ayn\u0131 tela\u015fla ya\u015famas\u0131 beklenir sanki.<br><\/p>\n\n\n\n<p>Ama hay\u0131r.<br>Onlar acele etmiyor.<br>Zorlam\u0131yor.<br>D\u00fcrt\u00fcklemiyor.<br>Sanki hayat zaten yeterince dolu; senin onu ayr\u0131ca ittirip kakmana gerek yok<strong>, diyorlar.<\/strong><br>Belki de bu y\u00fczden pura vida, bir eksiklikten de\u011fil, bir kabulleni\u015ften do\u011fuyor.<br>Bir \u201cdaha fazlas\u0131 laz\u0131m\u201d h\u00e2linden de\u011fil, bir \u201cbu zaten yeter\u201d hissinden.<br>Orada insanlar \u2014 en az\u0131ndan benim bulundu\u011fum yerlerde \u2014 olduk\u00e7a m\u00fctevaz\u0131 ya\u015f\u0131yorlar.<br>Hatta d\u0131\u015far\u0131dan bak\u0131nca \u201cyoksul\u201d diyebilece\u011fin bir sadelik var.<br>Ama o sadeli\u011fin i\u00e7inde eksiklik de\u011fil, hafiflik var. Sanki hayat\u0131 fazla ciddiye almamay\u0131 \u00f6\u011frenmi\u015fler. Ya da daha do\u011frusu, hayat\u0131 ciddiye alman\u0131n ba\u015fka bir yolunu bulmu\u015flar. G\u00fcl\u00fc\u015flerinde bir rahatl\u0131k, bak\u0131\u015flar\u0131nda bir \u201coluruna b\u0131rakma\u201d h\u00e2li var.<br>Bir \u015feyleri oldurmaya \u00e7al\u0131\u015fm\u0131yorlar.<br>Olmas\u0131na izin veriyorlar.<br>Ve insan, fark etmeden bundan etkileniyor.<br>\u201cPura vida\u201d dendi\u011finde ger\u00e7ekten de g\u00f6r\u00fcnmeyen bir kap\u0131 a\u00e7\u0131l\u0131yor.<br>Sen de, fark etmeden o kap\u0131dan i\u00e7eri giriyorsun.<br>Biraz daha yava\u015fl\u0131yorsun.<br>Biraz daha az \u015fik\u00e2yet ediyorsun.<br>Biraz daha az eksik hissediyorsun.<br>Belki de mesele tam olarak bu: Hayat\u0131 d\u00fczeltmek de\u011fil, onunla ayn\u0131 ritme girmek.<br>Bir par\u00e7a kakao gibi\u2026<br>Ham h\u00e2liyle sert, yo\u011fun, neredeyse ac\u0131.<br>Ama do\u011fru \u015fekilde i\u015flendi\u011finde derin, zengin ve tatmin edici.<br>Costa Rica bunu biliyor gibi.<br><\/p>\n\n\n\n<p>D\u00fcnyan\u0131n biyolojik \u00e7e\u015fitlili\u011finin yakla\u015f\u0131k y\u00fczde yedisini o k\u00fc\u00e7\u00fcc\u00fck co\u011frafyas\u0131na s\u0131\u011fd\u0131rd\u0131\u011f\u0131 gibi, sanki koskoca kalbinde de geri kalan y\u00fczde doksan \u00fc\u00e7\u00fcn s\u0131rr\u0131n\u0131 \u00e7\u00f6zm\u00fc\u015f gibi.<br>Ac\u0131y\u0131 yok etmiyor.<br>Onu d\u00f6n\u00fc\u015ft\u00fcr\u00fcyor.<br>Tatili uzatt\u0131k\u00e7a uzatt\u0131m.<br>Sonra biraz daha\u2026<br>Gitmek nispeten kolayd\u0131 da\u2026 Ayr\u0131lmak pek \u00f6yle olmad\u0131.<br>Belki de pura vida biraz ba\u011f\u0131ml\u0131l\u0131k yap\u0131yor.<br>\u0130nsan orada tembelle\u015fmiyor da, sanki usul usul bir tembel hayvana d\u00f6n\u00fc\u015f\u00fcyor.<br>Sorgulamadan kabulleni\u015f.<br>\u201cBu da bu kadar olur\u201d diyebilme h\u00e2li.<br>Kasmayan bir kanaatk\u00e2rl\u0131k\u2026<br>Talepk\u00e2r olmayan bir teslimiyet.<br>Hamaratl\u0131\u011fa d\u00f6n\u00fc\u015fmeyen bir haz alabilme\u2026<br>D\u00fcrt\u00fcklemeden davetk\u00e2r olabilmek\u2026<br>Hepsini bir blendera koyuyorsunuz.<br>\u0130\u00e7ine biraz papaya, biraz maracuya, biraz mango, biraz ananas ekliyorsunuz.<br>Buyurun size bir bardak Pura Vida.<br>\u0130nsan b\u00f6yle bir kar\u0131\u015f\u0131m\u0131 i\u00e7ince, asl\u0131nda ne kadar mahrum kald\u0131\u011f\u0131n\u0131 da fark ediveriyor.<br>\u0130nsan\u0131n \u00fczerinden her \u015fey ak\u0131p gidiyor.<br><\/p>\n\n\n\n<p>Adeta temizleniyorsun.<br>Hafifliyorsun.<br>Ve bir noktadan sonra, fark etmeden sen de pura vida\u2019dan ibaret oluveriyorsun.<br><\/p>\n\n\n\n<p>Bunca yolu geldim\u2026 Ne mi \u00f6\u011frendim?<br>\u00c7ok da \u015fey yapmamak laz\u0131m\u2026<br>Pura vida.<\/p>\n\n\n\n<p><strong>Ay\u015fen Darcan<\/strong><br>Nisan 2026<br>Website: aysendarcan.com<br>Instagram: dr.aysence<\/p>\n","protected":false},"excerpt":{"rendered":"<p>Costa Rica\u2019ya bu sene ilk defa, bir ayl\u0131\u011f\u0131na gittim. Bedenim ve zihnim hen\u00fcz yeni yerini anlamaya \u00e7al\u0131\u015f\u0131rken, daha ilk ak\u015fam \u2014 yol h\u00e2l\u00e2 \u00fczerimizdeyken \u2014 k\u00fc\u00e7\u00fck bir sahil restoran\u0131nda garson g\u00fcl\u00fcmseyerek e\u011fildi ve tek bir c\u00fcmleyle \u00fclkenin kap\u0131s\u0131n\u0131 aralad\u0131: \u201cPura vida.\u201d \u201cBunu \u00f6\u011frenirseniz,\u201d dedi, \u201cCosta Rica\u2019da \u0130spanyolcan\u0131n yar\u0131s\u0131n\u0131 \u00e7\u00f6zm\u00fc\u015f olursunuz.\u201d\u0130lk duydu\u011funuzda biraz abart\u0131 gibi geliyor. [&hellip;]<\/p>\n","protected":false},"author":4,"featured_media":7504,"comment_status":"open","ping_status":"open","sticky":false,"template":"","format":"standard","meta":[],"categories":[68],"tags":[19,122,194,59],"translation":{"provider":"WPGlobus","version":"3.0.0","language":"tr","enabled_languages":["en","tr"],"languages":{"en":{"title":true,"content":true,"excerpt":false},"tr":{"title":true,"content":true,"excerpt":false}}},"_links":{"self":[{"href":"https:\/\/arttmodernmiami.com\/tr\/wp-json\/wp\/v2\/posts\/7503"}],"collection":[{"href":"https:\/\/arttmodernmiami.com\/tr\/wp-json\/wp\/v2\/posts"}],"about":[{"href":"https:\/\/arttmodernmiami.com\/tr\/wp-json\/wp\/v2\/types\/post"}],"author":[{"embeddable":true,"href":"https:\/\/arttmodernmiami.com\/tr\/wp-json\/wp\/v2\/users\/4"}],"replies":[{"embeddable":true,"href":"https:\/\/arttmodernmiami.com\/tr\/wp-json\/wp\/v2\/comments?post=7503"}],"version-history":[{"count":3,"href":"https:\/\/arttmodernmiami.com\/tr\/wp-json\/wp\/v2\/posts\/7503\/revisions"}],"predecessor-version":[{"id":7512,"href":"https:\/\/arttmodernmiami.com\/tr\/wp-json\/wp\/v2\/posts\/7503\/revisions\/7512"}],"wp:featuredmedia":[{"embeddable":true,"href":"https:\/\/arttmodernmiami.com\/tr\/wp-json\/wp\/v2\/media\/7504"}],"wp:attachment":[{"href":"https:\/\/arttmodernmiami.com\/tr\/wp-json\/wp\/v2\/media?parent=7503"}],"wp:term":[{"taxonomy":"category","embeddable":true,"href":"https:\/\/arttmodernmiami.com\/tr\/wp-json\/wp\/v2\/categories?post=7503"},{"taxonomy":"post_tag","embeddable":true,"href":"https:\/\/arttmodernmiami.com\/tr\/wp-json\/wp\/v2\/tags?post=7503"}],"curies":[{"name":"wp","href":"https:\/\/api.w.org\/{rel}","templated":true}]}}