{"id":7497,"date":"2026-04-27T20:16:02","date_gmt":"2026-04-27T17:16:02","guid":{"rendered":"https:\/\/arttmodernmiami.com\/?p=7497"},"modified":"2026-04-27T20:17:56","modified_gmt":"2026-04-27T17:17:56","slug":"the-artists-invisible-profession-strategy","status":"publish","type":"post","link":"https:\/\/arttmodernmiami.com\/tr\/7497\/the-artists-invisible-profession-strategy\/","title":{"rendered":"Sanat\u00e7\u0131n\u0131n G\u00f6r\u00fcnmeyen Mesle\u011fi: Strateji"},"content":{"rendered":"<div class=\"wp-block-image\">\n<figure class=\"alignright size-large is-resized\"><img decoding=\"async\" loading=\"lazy\" src=\"https:\/\/arttmodernmiami.com\/wp-content\/uploads\/2026\/03\/image-27-768x1024.png\" alt=\"\" class=\"wp-image-7351\" width=\"269\" height=\"375\"\/><figcaption class=\"wp-element-caption\"><strong><em>RU CEYLAN\u00a0\/<\/em><br><em>Disiplinleraras\u0131 Sanat\u00e7\u0131\/ Sanat Ekonomisti<\/em><\/strong><\/figcaption><\/figure><\/div>\n\n\n<p>Sanat \u00fcretmek hi\u00e7bir zaman yaln\u0131zca \u00fcretmek de\u011fildi. Ama bug\u00fcn ilk kez \u00fcretim, s\u00fcrecin en az karma\u015f\u0131k k\u0131sm\u0131 haline geldi.<\/p>\n\n\n\n<p>Bir m\u00fczisyen bir \u015fark\u0131 yapar. Bu, yarat\u0131c\u0131 s\u00fcrecin ba\u015flang\u0131c\u0131d\u0131r ama sistem a\u00e7\u0131s\u0131ndan neredeyse ikincildir. As\u0131l s\u00fcre\u00e7 \u015fark\u0131 yay\u0131mland\u0131ktan sonra ba\u015flar: Hangi platforma y\u00fcklenecek? Spotify m\u0131, Apple Music mi, YouTube mu? Hangi da\u011f\u0131t\u0131mc\u0131yla \u00e7al\u0131\u015f\u0131lacak? Dijital platformlar\u0131n algoritmik \u00f6ncelikleri nas\u0131l i\u015fler? Playlist\u2019lere girmek i\u00e7in hangi a\u011flara eri\u015fim gerekir? PR ajans\u0131 gerekli mi? Sosyal medya nas\u0131l kurgulanmal\u0131? Hak y\u00f6netimi hangi kurulu\u015flar \u00fczerinden yap\u0131lacak? Edisyon anla\u015fmas\u0131 yap\u0131lacak m\u0131? Senkronizasyon gelirleri nas\u0131l takip edilecek?<\/p>\n\n\n\n<p>Bu sorular\u0131n hi\u00e7biri do\u011frudan m\u00fczikle ilgili de\u011fildir. Ama m\u00fczi\u011fin kaderini belirler.<\/p>\n\n\n\n<p>Ayn\u0131 durum g\u00f6rsel sanat\u00e7\u0131 i\u00e7in de ge\u00e7erlidir. Bir i\u015f \u00fcretmek art\u0131k yaln\u0131zca ba\u015flang\u0131\u00e7t\u0131r. O i\u015fin hangi galeride yer alaca\u011f\u0131, hangi fuara girece\u011fi, hangi koleksiyonerle bulu\u015faca\u011f\u0131, hangi k\u00fcrat\u00f6r taraf\u0131ndan fark edilece\u011fi, hangi dijital platformda dola\u015f\u0131ma girece\u011fi, hangi fiyat band\u0131nda konumlanaca\u011f\u0131 ve hangi metinle anlat\u0131laca\u011f\u0131; bunlar\u0131n her biri ayr\u0131 bir sistem, ayr\u0131 bir dil ve ayr\u0131 bir strateji gerektirir.<\/p>\n\n\n\n<p>Sanat\u00e7\u0131 art\u0131k yaln\u0131zca \u00fcretmez. Ayn\u0131 anda da\u011f\u0131t\u0131mc\u0131, pazarlamac\u0131, stratejist ve \u00e7o\u011fu zaman kendi y\u00f6neticisidir.<\/p>\n\n\n\n<p>Dijital \u00e7a\u011f, yarat\u0131c\u0131 ekonomiyi demokratikle\u015ftirdi\u011fi iddias\u0131yla geldi. Herkesin \u00fcretip yay\u0131nlayabilece\u011fi, arac\u0131lara ihtiya\u00e7 duymayaca\u011f\u0131 bir d\u00fcnya vaat edildi. Teknik olarak bu ger\u00e7ekle\u015fti. Ancak pratikte farkl\u0131 bir sonu\u00e7 ortaya \u00e7\u0131kt\u0131: arac\u0131lar ortadan kalkmad\u0131, \u00e7o\u011fald\u0131. Eskiden birka\u00e7 kap\u0131 varken bug\u00fcn y\u00fczlercesi var. Ve her kap\u0131 farkl\u0131 bir anahtar istiyor.<\/p>\n\n\n\n<p>Bir m\u00fczisyen i\u00e7in Spotify, YouTube ve TikTok ayn\u0131 anda zorunlu hale geldi. Ancak bu platformlar\u0131n her biri farkl\u0131 bir davran\u0131\u015f bi\u00e7imi talep ediyor. Spotify s\u00fcreklilik ister, YouTube hik\u00e2ye anlat\u0131m\u0131, TikTok ise h\u0131z. Sanat\u00e7\u0131 ayn\u0131 i\u015f i\u00e7in \u00fc\u00e7 farkl\u0131 versiyon \u00fcretmek zorunda kal\u0131r. Bu, sanatsal \u00fcretimin uzant\u0131s\u0131 de\u011fil, sistemin dayatmas\u0131d\u0131r. Ve zamanla \u00fcretim refleksini d\u00f6n\u00fc\u015ft\u00fcr\u00fcr.<\/p>\n\n\n\n<p>Bir film yap\u0131mc\u0131s\u0131 art\u0131k yaln\u0131zca film \u00e7ekmez; festival stratejisi kurar. Hangi festival d\u00fcnya pr\u00f6miyeri i\u00e7in uygundur? Hangisi sat\u0131\u015f ajanslar\u0131na daha yak\u0131nd\u0131r? Hangisi filmi \u00f6d\u00fcl de\u011fil da\u011f\u0131t\u0131m a\u00e7\u0131s\u0131ndan konumland\u0131r\u0131r? Sundance ba\u015fka bir ekonomi kurar, Cannes ba\u015fka bir piyasa, Berlinale ba\u015fka bir a\u011f. Film ayn\u0131 filmdir; ama i\u00e7inde dola\u015ft\u0131\u011f\u0131 sistem kaderini de\u011fi\u015ftirir.<\/p>\n\n\n\n<p>Bir moda tasar\u0131mc\u0131s\u0131 i\u00e7in de durum benzerdir. Koleksiyon \u00fcretimi i\u015fin yaln\u0131zca k\u00fc\u00e7\u00fck bir par\u00e7as\u0131d\u0131r. As\u0131l mesele, koleksiyonun hangi \u015fehirde g\u00f6sterilece\u011fi, hangi haftaya d\u00e2hil olaca\u011f\u0131, hangi influencer a\u011flar\u0131yla ili\u015fkilenece\u011fi, hangi showroom\u2019da sergilenece\u011fi ve hangi al\u0131c\u0131ya ula\u015faca\u011f\u0131d\u0131r. Milano, Paris ve New York farkl\u0131 sistemler de\u011fil, farkl\u0131 ritimlerdir.<\/p>\n\n\n\n<p>Bu par\u00e7alanm\u0131\u015f yap\u0131, yarat\u0131c\u0131 end\u00fcstrinin b\u00fcy\u00fcmesinin do\u011fal sonucu gibi g\u00f6r\u00fcn\u00fcr. Daha fazla platform, daha fazla g\u00f6r\u00fcn\u00fcrl\u00fck, daha fazla f\u0131rsat\u2026 Ancak bu \u00e7o\u011falma ayn\u0131 zamanda bir b\u00f6l\u00fcnme yarat\u0131r. Sistem geni\u015fledik\u00e7e b\u00fct\u00fcnl\u00fc\u011f\u00fcn\u00fc kaybeder ve bu kayb\u0131n y\u00fck\u00fc sanat\u00e7\u0131n\u0131n \u00fczerine biner.<\/p>\n\n\n\n<p>Bug\u00fcn yarat\u0131c\u0131 end\u00fcstri g\u00fc\u00e7l\u00fcd\u00fcr ama koordinasyonsuzdur. Her alan kendi i\u00e7inde geli\u015fmi\u015f, fakat alanlar aras\u0131 ak\u0131\u015f zay\u0131f kalm\u0131\u015ft\u0131r. Oysa m\u00fczik, g\u00f6rsel sanatlar, sinema ve tasar\u0131m\u0131n temel ihtiya\u00e7lar\u0131 ayn\u0131d\u0131r: \u00fcretim, dola\u015f\u0131m, g\u00f6r\u00fcn\u00fcrl\u00fck ve gelir.<\/p>\n\n\n\n<p>Bu noktada as\u0131l sorun g\u00f6r\u00fcn\u00fcr hale gelir: sanat\u00e7\u0131 \u00fcretimden \u00e7ok sistemler aras\u0131 ge\u00e7i\u015fi y\u00f6netir. S\u00fcrekli bir a\u011fdan di\u011ferine ge\u00e7er. Her ge\u00e7i\u015f yeni bir \u00f6\u011frenme, yeni bir ili\u015fki ve yeni bir uyum gerektirir. Bu durum d\u0131\u015far\u0131dan dinamizm gibi g\u00f6r\u00fcnse de i\u00e7eride ciddi bir enerji kayb\u0131 yarat\u0131r.<\/p>\n\n\n\n<p>Ve belki de en kritik nokta \u015fudur: sanat\u00e7\u0131 art\u0131k \u00fcretmemeyi de\u011fil, yeti\u015fememeyi \u00f6\u011frenir.<\/p>\n\n\n\n<p>Bir i\u015fin iyi olmas\u0131 yetmez. Do\u011fru zamanda, do\u011fru yerde ve do\u011fru ba\u011flamda g\u00f6r\u00fcnmesi gerekir. Bu da sanat\u0131 stratejik ve zamansal bir oyuna d\u00f6n\u00fc\u015ft\u00fcr\u00fcr. \u00dcretim ile g\u00f6r\u00fcn\u00fcrl\u00fck aras\u0131ndaki mesafe a\u00e7\u0131ld\u0131k\u00e7a, bu bo\u015fluk stratejiyle doldurulur.<\/p>\n\n\n\n<p>Bug\u00fcn\u00fcn sanat\u00e7\u0131s\u0131 fark\u0131nda olsun ya da olmas\u0131n ikinci bir meslek edinmi\u015ftir: stratejistlik.<\/p>\n\n\n\n<p>Ama bu rol sanat\u00e7\u0131n\u0131n se\u00e7imi de\u011fil, sistemin dayatmas\u0131d\u0131r.<\/p>\n\n\n\n<p>Bu yap\u0131 ger\u00e7ekten ka\u00e7\u0131n\u0131lmaz m\u0131?<\/p>\n\n\n\n<p>Neden yarat\u0131c\u0131 end\u00fcstri bu kadar par\u00e7al\u0131? Neden her alan kendi kapal\u0131 sistemi i\u00e7inde \u00e7al\u0131\u015f\u0131yor? Neden sanat\u00e7\u0131 \u00fcretimini s\u00fcrd\u00fcrebilmek i\u00e7in bu kadar \u00e7ok yap\u0131y\u0131 ayn\u0131 anda y\u00f6netmek zorunda?<\/p>\n\n\n\n<p>Genellikle cevap \u201cpiyasa do\u011fas\u0131\u201d olur. Oysa piyasa, tasarlanm\u0131\u015f bir yap\u0131d\u0131r. Ve tasarlanm\u0131\u015f her yap\u0131 yeniden tasarlanabilir.<\/p>\n\n\n\n<p>Bug\u00fcn ihtiya\u00e7 duyulan \u015fey yeni bir platform de\u011fil, yeni bir organizasyon bi\u00e7imidir. Farkl\u0131 yarat\u0131c\u0131 alanlar\u0131 tek \u00e7at\u0131 alt\u0131nda toplayan, ancak onlar\u0131 tek tiple\u015ftirmeyen bir yap\u0131d\u0131r. M\u00fczik, sinema, g\u00f6rsel sanatlar ve tasar\u0131m; \u00fcretim a\u00e7\u0131s\u0131ndan farkl\u0131 olabilir ama dola\u015f\u0131m, g\u00f6r\u00fcn\u00fcrl\u00fck ve gelir a\u00e7\u0131s\u0131ndan ortak bir altyap\u0131 payla\u015fabilir.<\/p>\n\n\n\n<p>B\u00f6yle bir yap\u0131 sanat\u00e7\u0131n\u0131n strateji y\u00fck\u00fcn\u00fc azalt\u0131r. Da\u011f\u0131t\u0131m ve g\u00f6r\u00fcn\u00fcrl\u00fck s\u00fcre\u00e7lerini sadele\u015ftirir. Sanat\u00e7\u0131y\u0131 sistemler aras\u0131nda s\u00fcrekli ge\u00e7i\u015f yapmaktan kurtar\u0131r. En \u00f6nemlisi ona kaybetti\u011fi \u015feyi geri verir: zaman\u0131.<\/p>\n\n\n\n<p>\u00c7\u00fcnk\u00fc yarat\u0131c\u0131 ekonomi g\u00f6r\u00fcn\u00fcrde \u00fcretim \u00fczerine kurulu olsa da ger\u00e7ekte zaman y\u00f6netimi \u00fczerinden i\u015fler. Ve bug\u00fcn sanat\u00e7\u0131n\u0131n zaman\u0131 \u00fcretimden \u00e7ok sistemle ba\u015fa \u00e7\u0131kmaya harcan\u0131r.<\/p>\n\n\n\n<p>Bu nedenle mesele yaln\u0131zca ekonomik de\u011fil, ayn\u0131 zamanda \u00f6znel bir meseledir. S\u00fcrekli g\u00f6r\u00fcn\u00fcr olma zorunlulu\u011fu, s\u00fcrekli \u00fcretme bask\u0131s\u0131 ve s\u00fcrekli varl\u0131\u011f\u0131n\u0131 kan\u0131tlama ihtiyac\u0131 yarat\u0131c\u0131 s\u00fcrecin do\u011fal par\u00e7alar\u0131 de\u011fildir.<\/p>\n\n\n\n<p>Zamanla sanat\u00e7\u0131 \u00fcretimden de\u011fil, y\u00f6netimden beslenmeye ba\u015flar. Estetik kararlar stratejik kararlar\u0131n gerisine d\u00fc\u015fer.<\/p>\n\n\n\n<p>Yarat\u0131c\u0131 end\u00fcstrinin gelece\u011fi bu dengenin nas\u0131l kurulaca\u011f\u0131na ba\u011fl\u0131d\u0131r. Daha fazla platform ve ara\u00e7 \u00e7\u00f6z\u00fcm de\u011fil, \u00e7o\u011fu zaman problemin kendisidir.<\/p>\n\n\n\n<p>Ger\u00e7ek ihtiya\u00e7 b\u00fct\u00fcnl\u00fckt\u00fcr.<\/p>\n\n\n\n<p>Sanat\u00e7\u0131ya daha fazla mecra de\u011fil, daha az karma\u015fa gerekir. Daha fazla se\u00e7enek de\u011fil, daha net bir yap\u0131. Daha geni\u015f bir sistem de\u011fil, daha ak\u0131\u015fkan bir sistem.<\/p>\n\n\n\n<p>\u00c7\u00fcnk\u00fc temel soru h\u00e2l\u00e2 ayn\u0131d\u0131r:<\/p>\n\n\n\n<p>Sanat\u00e7\u0131 sistemin i\u00e7inde mi var olacak, yoksa sistem sanat\u00e7\u0131n\u0131n etraf\u0131nda m\u0131 kurulacak?<\/p>\n\n\n\n<p>Bu sorunun cevab\u0131 yaln\u0131zca ekonomiyi de\u011fil, sanat\u0131n gelece\u011fini de belirleyecektir.<\/p>\n\n\n\n<p><strong>RU Ceylan<\/strong><\/p>\n\n\n\n<p><strong>\u00c7ok Y\u00f6nl\u00fc Sanat\u00e7\u0131 \/ Yarat\u0131c\u0131 End\u00fcstriler Uzman\u0131<\/strong><\/p>\n\n\n\n<p><a href=\"http:\/\/www.ruceylan.com\/\"><strong>www.ruceylan.com<\/strong><\/a><\/p>\n","protected":false},"excerpt":{"rendered":"<p>Sanat \u00fcretmek hi\u00e7bir zaman yaln\u0131zca \u00fcretmek de\u011fildi. Ama bug\u00fcn ilk kez \u00fcretim, s\u00fcrecin en az karma\u015f\u0131k k\u0131sm\u0131 haline geldi. Bir m\u00fczisyen bir \u015fark\u0131 yapar. Bu, yarat\u0131c\u0131 s\u00fcrecin ba\u015flang\u0131c\u0131d\u0131r ama sistem a\u00e7\u0131s\u0131ndan neredeyse ikincildir. As\u0131l s\u00fcre\u00e7 \u015fark\u0131 yay\u0131mland\u0131ktan sonra ba\u015flar: Hangi platforma y\u00fcklenecek? Spotify m\u0131, Apple Music mi, YouTube mu? Hangi da\u011f\u0131t\u0131mc\u0131yla \u00e7al\u0131\u015f\u0131lacak? Dijital platformlar\u0131n algoritmik [&hellip;]<\/p>\n","protected":false},"author":4,"featured_media":7498,"comment_status":"open","ping_status":"open","sticky":false,"template":"","format":"standard","meta":[],"categories":[68],"tags":[21,99,42,201,202],"translation":{"provider":"WPGlobus","version":"3.0.0","language":"tr","enabled_languages":["en","tr"],"languages":{"en":{"title":true,"content":true,"excerpt":false},"tr":{"title":true,"content":true,"excerpt":false}}},"_links":{"self":[{"href":"https:\/\/arttmodernmiami.com\/tr\/wp-json\/wp\/v2\/posts\/7497"}],"collection":[{"href":"https:\/\/arttmodernmiami.com\/tr\/wp-json\/wp\/v2\/posts"}],"about":[{"href":"https:\/\/arttmodernmiami.com\/tr\/wp-json\/wp\/v2\/types\/post"}],"author":[{"embeddable":true,"href":"https:\/\/arttmodernmiami.com\/tr\/wp-json\/wp\/v2\/users\/4"}],"replies":[{"embeddable":true,"href":"https:\/\/arttmodernmiami.com\/tr\/wp-json\/wp\/v2\/comments?post=7497"}],"version-history":[{"count":2,"href":"https:\/\/arttmodernmiami.com\/tr\/wp-json\/wp\/v2\/posts\/7497\/revisions"}],"predecessor-version":[{"id":7501,"href":"https:\/\/arttmodernmiami.com\/tr\/wp-json\/wp\/v2\/posts\/7497\/revisions\/7501"}],"wp:featuredmedia":[{"embeddable":true,"href":"https:\/\/arttmodernmiami.com\/tr\/wp-json\/wp\/v2\/media\/7498"}],"wp:attachment":[{"href":"https:\/\/arttmodernmiami.com\/tr\/wp-json\/wp\/v2\/media?parent=7497"}],"wp:term":[{"taxonomy":"category","embeddable":true,"href":"https:\/\/arttmodernmiami.com\/tr\/wp-json\/wp\/v2\/categories?post=7497"},{"taxonomy":"post_tag","embeddable":true,"href":"https:\/\/arttmodernmiami.com\/tr\/wp-json\/wp\/v2\/tags?post=7497"}],"curies":[{"name":"wp","href":"https:\/\/api.w.org\/{rel}","templated":true}]}}