{"id":6107,"date":"2025-08-11T10:08:36","date_gmt":"2025-08-11T07:08:36","guid":{"rendered":"https:\/\/arttmodernmiami.com\/?p=6107"},"modified":"2025-08-11T10:13:37","modified_gmt":"2025-08-11T07:13:37","slug":"zucabella-where-art-identity-and-joy-meet","status":"publish","type":"post","link":"https:\/\/arttmodernmiami.com\/tr\/6107\/zucabella-where-art-identity-and-joy-meet\/","title":{"rendered":"ZUCABELLA: Sanat, Kimlik ve Ne\u015fenin Bulu\u015ftu\u011fu Yer"},"content":{"rendered":"\n<p>G\u00fc\u00e7lendiren ve Motive Eden, Kabak Kad\u0131n Sanatlar\u0131n\u0131n Arkas\u0131ndaki Sanat\u00e7\u0131yla \u00d6zel Bir R\u00f6portaj<\/p>\n\n\n\n<figure class=\"wp-block-image size-full\"><img decoding=\"async\" loading=\"lazy\" width=\"530\" height=\"942\" src=\"https:\/\/arttmodernmiami.com\/wp-content\/uploads\/2025\/08\/image-12.jpeg\" alt=\"\" class=\"wp-image-6122\" srcset=\"https:\/\/arttmodernmiami.com\/wp-content\/uploads\/2025\/08\/image-12.jpeg 530w, https:\/\/arttmodernmiami.com\/wp-content\/uploads\/2025\/08\/image-12-169x300.jpeg 169w, https:\/\/arttmodernmiami.com\/wp-content\/uploads\/2025\/08\/image-12-150x267.jpeg 150w, https:\/\/arttmodernmiami.com\/wp-content\/uploads\/2025\/08\/image-12-300x533.jpeg 300w\" sizes=\"(max-width: 530px) 100vw, 530px\" \/><\/figure>\n\n\n\n<p>Selen U\u011eUR<\/p>\n\n\n\n<p>&nbsp;\u0130K\u0130 D\u00dcNYA ARASINDA DO\u011eDU<\/p>\n\n\n\n<p>&#8220;Alman disiplini. T\u00fcrk s\u0131cakl\u0131\u011f\u0131. Tek bir vizyon.&#8221;<\/p>\n\n\n\n<p>1976 y\u0131l\u0131nda Almanya, Hannover&#8217;de do\u011fan Zucabella&#8217;n\u0131n arkas\u0131ndaki sanat\u00e7\u0131, \u00e7al\u0131\u015fmalar\u0131na etkileyici bir k\u00fclt\u00fcrel ikilik kat\u0131yor. Hen\u00fcz 18 ya\u015f\u0131ndayken e\u011fitim i\u00e7in T\u00fcrkiye&#8217;ye ta\u015f\u0131nd\u0131 ve Alman Dili ve Edebiyat\u0131 b\u00f6l\u00fcm\u00fcnden mezun oldu.<\/p>\n\n\n\n<p>&#8220;\u0130ki k\u00fclt\u00fcr aras\u0131nda b\u00fcy\u00fcmek bana iki farkl\u0131 a\u00e7\u0131dan bakmay\u0131 \u00f6\u011fretti. Z\u0131tl\u0131klar\u0131n dans\u0131 sanat\u0131m\u0131n ruhu oldu.&#8221;<\/p>\n\n\n\n<p>En derin etkilerinden biri ne mi? Zihinsel engelli bir ablaya sahip olmas\u0131.<\/p>\n\n\n\n<p>&#8220;Bana toplumun &#8216;kusur&#8217; dedi\u011fi \u015feylerin asl\u0131nda gizli kalm\u0131\u015f nadir hediyeler olabilece\u011fini \u00f6\u011fretti.&#8221;<\/p>\n\n\n\n<p>\u015eimdi anne ve e\u015f olan sanat\u00e7\u0131; o\u011flunun merak\u0131n\u0131n, yarat\u0131c\u0131 d\u00fcnyas\u0131n\u0131 canl\u0131 ve s\u00fcrekli geli\u015fen bir \u015fekilde s\u00fcrd\u00fcrd\u00fc\u011f\u00fcn\u00fc s\u00f6yl\u00fcyor.<\/p>\n\n\n\n<p>ARTTMODERNMIAMI GAZETE: D\u0130LDEN DUYGUYA NASIL GE\u00c7T\u0130N\u0130Z?<\/p>\n\n\n\n<p>\u0130ngilizce ve Almanca dillerinde Yeminli Adli Terc\u00fcman olarak 25 y\u0131ll\u0131k deneyimiyle, kariyerini k\u00fclt\u00fcrel farkl\u0131l\u0131klar\u0131 dil arac\u0131l\u0131\u011f\u0131yla kapatma \u00fczerine kurdu. Ancak onu daha derin bir \u015fey \u00e7a\u011f\u0131r\u0131yordu.<\/p>\n\n\n\n<p>&#8220;Sadece kelimeleri \u00e7evirmek istemedi\u011fimi fark ettim; duygular\u0131 \u00e7evirmek istiyordum. \u0130\u015fte tam bu noktada sanat devreye girdi.&#8221;<\/p>\n\n\n\n<p>Sanatsal geli\u015fimi devam ediyor: Yak\u0131n zamanda G\u00f6rsel Tasar\u0131m alan\u0131nda y\u00fcksek lisans program\u0131na ba\u015fvurdu; bu da yeniden ke\u015ffin ya\u015f s\u0131n\u0131r\u0131 olmad\u0131\u011f\u0131n\u0131n kan\u0131t\u0131.<\/p>\n\n\n\n<figure class=\"wp-block-image size-full\"><img decoding=\"async\" loading=\"lazy\" width=\"602\" height=\"794\" src=\"https:\/\/arttmodernmiami.com\/wp-content\/uploads\/2025\/08\/image-9.jpeg\" alt=\"\" class=\"wp-image-6120\" srcset=\"https:\/\/arttmodernmiami.com\/wp-content\/uploads\/2025\/08\/image-9.jpeg 602w, https:\/\/arttmodernmiami.com\/wp-content\/uploads\/2025\/08\/image-9-227x300.jpeg 227w, https:\/\/arttmodernmiami.com\/wp-content\/uploads\/2025\/08\/image-9-150x198.jpeg 150w, https:\/\/arttmodernmiami.com\/wp-content\/uploads\/2025\/08\/image-9-300x396.jpeg 300w\" sizes=\"(max-width: 602px) 100vw, 602px\" \/><\/figure>\n\n\n\n<p>\ud83c\udfa8 B\u0130R KABAK NASIL \u0130LHAM KAYNA\u011eI OLDU?<\/p>\n\n\n\n<p>Bir hediye. \u0130ki kabak. Sonsuz ilham.<\/p>\n\n\n\n<p>&#8220;Bir arkada\u015f\u0131m bana iki kabak verdi. Sadece tuhaf \u015fekillerini de\u011fil, gizli bir hikayeyi de g\u00f6rd\u00fcm,&#8221; diye hat\u0131rl\u0131yor.<\/p>\n\n\n\n<p>Boya, vizyon ve duyguyla onlar\u0131 d\u00f6n\u00fc\u015ft\u00fcrd\u00fc.<\/p>\n\n\n\n<p>Ortaya ne \u00e7\u0131kt\u0131? Sadece fig\u00fcrler de\u011fil, ruhlar.<\/p>\n\n\n\n<p>ZUCABELLA \u0130LE TANI\u015eIN: B\u0130R HEYKELDEN FAZLASI<\/p>\n\n\n\n<p>&#8220;Zucabella sadece bir fig\u00fcr de\u011fil. O bir manifesto.&#8221;<\/p>\n\n\n\n<p>\u0130smin kendisi bile bir anlam ta\u015f\u0131yor:<\/p>\n\n\n\n<p>\ud83d\udfe1 Kabak (kabak) + \ud83d\udc83 Bella (g\u00fczel) = Zucabella.<\/p>\n\n\n\n<p>\u00c7\u00fcnk\u00fc g\u00fczellik m\u00fckemmellikte de\u011fil, ham halde, ger\u00e7ek olanda, harikulade d\u00fczensizlikte gizlidir.<\/p>\n\n\n\n<p>Su kabaklar\u0131n\u0131n \u00e7ekirdeklerini asla \u00e7\u0131karm\u0131yor.<\/p>\n\n\n\n<p>&#8220;Potansiyeli simgeliyorlar. Ya\u015fam\u0131. Her kad\u0131n\u0131n i\u00e7inde bekleyen sessiz g\u00fcc\u00fc.&#8221;<\/p>\n\n\n\n<p>Zucabella her g\u00fczellik standard\u0131na meydan okuyor ve bunu yaparken de g\u00f6n\u00fclleri fethediyor.<\/p>\n\n\n\n<p>&#8220;Evet, kad\u0131nlar\u0131m hacimli; ama ne\u015feleri, \u00f6zg\u00fcnl\u00fckleri ve cesaretleri de \u00f6yle.&#8221;<\/p>\n\n\n\n<figure class=\"wp-block-image size-full\"><img decoding=\"async\" loading=\"lazy\" width=\"601\" height=\"901\" src=\"https:\/\/arttmodernmiami.com\/wp-content\/uploads\/2025\/08\/image-10.jpeg\" alt=\"\" class=\"wp-image-6119\" srcset=\"https:\/\/arttmodernmiami.com\/wp-content\/uploads\/2025\/08\/image-10.jpeg 601w, https:\/\/arttmodernmiami.com\/wp-content\/uploads\/2025\/08\/image-10-200x300.jpeg 200w, https:\/\/arttmodernmiami.com\/wp-content\/uploads\/2025\/08\/image-10-150x225.jpeg 150w, https:\/\/arttmodernmiami.com\/wp-content\/uploads\/2025\/08\/image-10-300x450.jpeg 300w\" sizes=\"(max-width: 601px) 100vw, 601px\" \/><\/figure>\n\n\n\n<p>\ud83d\udccd NEREDE G\u00d6R\u00dcLD\u00dc?<\/p>\n\n\n\n<p>\u00c7al\u0131\u015fmalar\u0131 T\u00fcrkiye&#8217;de \u015fimdiden \u015fu etkinliklerle yank\u0131 uyand\u0131rd\u0131:<\/p>\n\n\n\n<p>\u2022 \u0130zmir \u0130ZFA\u015e Sanat Fuar\u0131 (Luna Grande Art ile)<\/p>\n\n\n\n<p>\u2022 Konak \u0130skelesi&#8217;ndeki 4. \u0130nci Galerisi<\/p>\n\n\n\n<p>\u0130zleyiciler Zucabella&#8217;y\u0131 sadece izlemiyor, onunla ba\u011f kuruyorlar.<\/p>\n\n\n\n<p>&#8220;Kendilerinden bir par\u00e7a g\u00f6r\u00fcyorlar,&#8221; diyor.<\/p>\n\n\n\n<figure class=\"wp-block-image size-full\"><img decoding=\"async\" loading=\"lazy\" width=\"602\" height=\"688\" src=\"https:\/\/arttmodernmiami.com\/wp-content\/uploads\/2025\/08\/image-8.jpeg\" alt=\"\" class=\"wp-image-6118\" srcset=\"https:\/\/arttmodernmiami.com\/wp-content\/uploads\/2025\/08\/image-8.jpeg 602w, https:\/\/arttmodernmiami.com\/wp-content\/uploads\/2025\/08\/image-8-263x300.jpeg 263w, https:\/\/arttmodernmiami.com\/wp-content\/uploads\/2025\/08\/image-8-150x171.jpeg 150w, https:\/\/arttmodernmiami.com\/wp-content\/uploads\/2025\/08\/image-8-300x343.jpeg 300w\" sizes=\"(max-width: 602px) 100vw, 602px\" \/><\/figure>\n\n\n\n<figure class=\"wp-block-image size-full\"><img decoding=\"async\" loading=\"lazy\" width=\"601\" height=\"795\" src=\"https:\/\/arttmodernmiami.com\/wp-content\/uploads\/2025\/08\/image-11.jpeg\" alt=\"\" class=\"wp-image-6121\" srcset=\"https:\/\/arttmodernmiami.com\/wp-content\/uploads\/2025\/08\/image-11.jpeg 601w, https:\/\/arttmodernmiami.com\/wp-content\/uploads\/2025\/08\/image-11-227x300.jpeg 227w, https:\/\/arttmodernmiami.com\/wp-content\/uploads\/2025\/08\/image-11-150x198.jpeg 150w, https:\/\/arttmodernmiami.com\/wp-content\/uploads\/2025\/08\/image-11-300x397.jpeg 300w\" sizes=\"(max-width: 601px) 100vw, 601px\" \/><\/figure>\n\n\n\n<p>\ud83c\udf0d K\u00dcRESELLE\u015e\u0130YOR<\/p>\n\n\n\n<p>Avrupa&#8217;dan ABD&#8217;ye, Zucabella sosyal medyan\u0131n g\u00fcc\u00fc sayesinde d\u00fcnya \u00e7ap\u0131nda yank\u0131 buluyor.<\/p>\n\n\n\n<p>&#8220;Her yerden insanlar bana Zucabella&#8217;n\u0131n onlara nas\u0131l hissettirdi\u011fini anlat\u0131yor. Diller farkl\u0131 ama duygular ayn\u0131.&#8221;<\/p>\n\n\n\n<figure class=\"wp-block-image size-full\"><img decoding=\"async\" loading=\"lazy\" width=\"602\" height=\"434\" src=\"https:\/\/arttmodernmiami.com\/wp-content\/uploads\/2025\/08\/image-13.jpeg\" alt=\"\" class=\"wp-image-6123\" srcset=\"https:\/\/arttmodernmiami.com\/wp-content\/uploads\/2025\/08\/image-13.jpeg 602w, https:\/\/arttmodernmiami.com\/wp-content\/uploads\/2025\/08\/image-13-300x216.jpeg 300w, https:\/\/arttmodernmiami.com\/wp-content\/uploads\/2025\/08\/image-13-150x108.jpeg 150w\" sizes=\"(max-width: 602px) 100vw, 602px\" \/><\/figure>\n\n\n\n<p>ZUCABELLA KADINLARINI B\u0130RLE\u015eT\u0130REN NED\u0130R?<\/p>\n\n\n\n<p>Kurallara uymazlar, onlar\u0131 yeniden yazarlar.<\/p>\n\n\n\n<p>&#8220;Kad\u0131nlar\u0131m beklentilere uymak i\u00e7in k\u00fc\u00e7\u00fclerek de\u011fil, ger\u00e7ekte olduklar\u0131 ki\u015fiye d\u00f6n\u00fc\u015ferek mutlulu\u011fu bulurlar.&#8221;<\/p>\n\n\n\n<p>Her k\u0131vr\u0131m, her renk, her g\u00fcl\u00fcmseme \u015funu s\u00f6yl\u00fcyor:<\/p>\n\n\n\n<p>\ud83d\udde3 &#8220;Daha zay\u0131f olma. Daha sessiz olma. Kendin ol.&#8221;<\/p>\n\n\n\n<p>\u00c7\u00fcnk\u00fc mutluluk, kahve aromalar\u0131nda, ger\u00e7ek kahkahalarda ve kendi v\u00fccut tipini sevme karar\u0131nda yatar.<\/p>\n\n\n\n<figure class=\"wp-block-image size-large is-resized\"><img decoding=\"async\" loading=\"lazy\" src=\"https:\/\/arttmodernmiami.com\/wp-content\/uploads\/2025\/08\/resim_2025-08-11_101021193-768x1024.png\" alt=\"\" class=\"wp-image-6127\" width=\"602\" height=\"819\"\/><\/figure>\n\n\n\n<figure class=\"wp-block-image size-full\"><img decoding=\"async\" loading=\"lazy\" width=\"602\" height=\"773\" src=\"https:\/\/arttmodernmiami.com\/wp-content\/uploads\/2025\/08\/image-14.jpeg\" alt=\"\" class=\"wp-image-6124\" srcset=\"https:\/\/arttmodernmiami.com\/wp-content\/uploads\/2025\/08\/image-14.jpeg 602w, https:\/\/arttmodernmiami.com\/wp-content\/uploads\/2025\/08\/image-14-234x300.jpeg 234w, https:\/\/arttmodernmiami.com\/wp-content\/uploads\/2025\/08\/image-14-150x193.jpeg 150w, https:\/\/arttmodernmiami.com\/wp-content\/uploads\/2025\/08\/image-14-300x385.jpeg 300w\" sizes=\"(max-width: 602px) 100vw, 602px\" \/><\/figure>\n\n\n\n<p>\u00d6NDEK\u0130 V\u0130ZYON<\/p>\n\n\n\n<p>Be\u015f y\u0131l i\u00e7inde Zucabella&#8217;n\u0131n d\u00fcnyan\u0131n d\u00f6rt bir yan\u0131ndaki galeri duvarlar\u0131nda parlad\u0131\u011f\u0131n\u0131 hayal ediyor. Farkl\u0131 diller. Ortak duygu. Evrensel bir g\u00fcl\u00fcmseme.<\/p>\n\n\n\n<p>&#8220;\u00d6zg\u00fcnl\u00fck bula\u015f\u0131c\u0131d\u0131r. Bir kez g\u00f6rd\u00fc\u011f\u00fcn\u00fczde, bir daha g\u00f6rmemezlikten gelemezsiniz. Size cesaret verir.&#8221;<\/p>\n\n\n\n<p>EVREN \u0130\u00c7\u0130N B\u0130R MESAJ<\/p>\n\n\n\n<p>&#8220;Ba\u015fkas\u0131n\u0131n kurallar\u0131na g\u00f6re ya\u015famak zorunda de\u011filsiniz.<\/p>\n\n\n\n<p>Kendi \u00e7izgilerinizi \u00e7izin; kendi renginizle, kendi k\u0131vr\u0131mlar\u0131n\u0131zla, kendi yollar\u0131n\u0131zla.<\/p>\n\n\n\n<p>Ger\u00e7ekten kendiniz oldu\u011funuzda hayat daha parlak olur.&#8221;<\/p>\n\n\n\n<p>\ud83d\udce2 YA T\u00dcM D\u00dcNYA DUYAB\u0130LSE?<\/p>\n\n\n\n<p>&#8220;Mutluluk bulunacak bir \u015fey de\u011fil, hat\u0131rlanacak bir \u015feydir.<\/p>\n\n\n\n<p>Onu daha zay\u0131f bir v\u00fccutta, kusursuz bir y\u00fczde veya ba\u015fkas\u0131n\u0131n onay\u0131nda aramay\u0131n.<\/p>\n\n\n\n<p>O zaten i\u00e7inizdedir: kalbinizde, d\u00fc\u015f\u00fcncelerinizde, kahkahan\u0131zda.<\/p>\n\n\n\n<p>Ve kendiniz olmay\u0131 se\u00e7ti\u011finiz an, d\u00fcnya daha g\u00fczel olur.&#8221;<\/p>\n\n\n\n<p>SON S\u00d6Z<\/p>\n\n\n\n<p>Zucabella sadece sanat de\u011fil.<\/p>\n\n\n\n<p>O, k\u0131vr\u0131ml\u0131 bir devrim.<\/p>\n\n\n\n<p>K\u0131k\u0131rdayan bir isyan.<\/p>\n\n\n\n<p>Kusurlulu\u011fun g\u00fc\u00e7l\u00fc, \u00f6zg\u00fcnl\u00fc\u011f\u00fcn g\u00fczel oldu\u011funu hat\u0131rlatan bir sanat.<\/p>\n\n\n\n<p>Onun yolculu\u011funu takip edin. Ne\u015feyi hissedin. Kendi g\u00fczelli\u011finizi hat\u0131rlay\u0131n.<\/p>\n\n\n\n<p>\u2728 #Zucabella<\/p>\n\n\n\n<p>\ud83d\udcf8 zucabella_official<\/p>\n\n\n\n<p>\ud83d\uddbc\ufe0f Sergi sorular\u0131, bas\u0131n talepleri veya i\u015f birlikleri i\u00e7in ileti\u015fim: <a href=\"mailto:selenugur76@gmail.com\">selenugur76@gmail.com<\/a><\/p>\n\n\n\n<figure class=\"wp-block-image size-full\"><img decoding=\"async\" loading=\"lazy\" width=\"602\" height=\"758\" src=\"https:\/\/arttmodernmiami.com\/wp-content\/uploads\/2025\/08\/image-15.jpeg\" alt=\"\" class=\"wp-image-6125\" srcset=\"https:\/\/arttmodernmiami.com\/wp-content\/uploads\/2025\/08\/image-15.jpeg 602w, https:\/\/arttmodernmiami.com\/wp-content\/uploads\/2025\/08\/image-15-238x300.jpeg 238w, https:\/\/arttmodernmiami.com\/wp-content\/uploads\/2025\/08\/image-15-150x189.jpeg 150w, https:\/\/arttmodernmiami.com\/wp-content\/uploads\/2025\/08\/image-15-300x378.jpeg 300w\" sizes=\"(max-width: 602px) 100vw, 602px\" \/><\/figure>\n","protected":false},"excerpt":{"rendered":"<p>G\u00fc\u00e7lendiren ve Motive Eden, Kabak Kad\u0131n Sanatlar\u0131n\u0131n Arkas\u0131ndaki Sanat\u00e7\u0131yla \u00d6zel Bir R\u00f6portaj Selen U\u011eUR &nbsp;\u0130K\u0130 D\u00dcNYA ARASINDA DO\u011eDU &#8220;Alman disiplini. T\u00fcrk s\u0131cakl\u0131\u011f\u0131. Tek bir vizyon.&#8221; 1976 y\u0131l\u0131nda Almanya, Hannover&#8217;de do\u011fan Zucabella&#8217;n\u0131n arkas\u0131ndaki sanat\u00e7\u0131, \u00e7al\u0131\u015fmalar\u0131na etkileyici bir k\u00fclt\u00fcrel ikilik kat\u0131yor. Hen\u00fcz 18 ya\u015f\u0131ndayken e\u011fitim i\u00e7in T\u00fcrkiye&#8217;ye ta\u015f\u0131nd\u0131 ve Alman Dili ve Edebiyat\u0131 b\u00f6l\u00fcm\u00fcnden mezun oldu. &#8220;\u0130ki [&hellip;]<\/p>\n","protected":false},"author":4,"featured_media":6116,"comment_status":"open","ping_status":"open","sticky":false,"template":"","format":"standard","meta":[],"categories":[67],"tags":[21,101,75,72,192,179,191],"translation":{"provider":"WPGlobus","version":"3.0.0","language":"tr","enabled_languages":["en","tr"],"languages":{"en":{"title":true,"content":true,"excerpt":false},"tr":{"title":true,"content":true,"excerpt":false}}},"_links":{"self":[{"href":"https:\/\/arttmodernmiami.com\/tr\/wp-json\/wp\/v2\/posts\/6107"}],"collection":[{"href":"https:\/\/arttmodernmiami.com\/tr\/wp-json\/wp\/v2\/posts"}],"about":[{"href":"https:\/\/arttmodernmiami.com\/tr\/wp-json\/wp\/v2\/types\/post"}],"author":[{"embeddable":true,"href":"https:\/\/arttmodernmiami.com\/tr\/wp-json\/wp\/v2\/users\/4"}],"replies":[{"embeddable":true,"href":"https:\/\/arttmodernmiami.com\/tr\/wp-json\/wp\/v2\/comments?post=6107"}],"version-history":[{"count":2,"href":"https:\/\/arttmodernmiami.com\/tr\/wp-json\/wp\/v2\/posts\/6107\/revisions"}],"predecessor-version":[{"id":6128,"href":"https:\/\/arttmodernmiami.com\/tr\/wp-json\/wp\/v2\/posts\/6107\/revisions\/6128"}],"wp:featuredmedia":[{"embeddable":true,"href":"https:\/\/arttmodernmiami.com\/tr\/wp-json\/wp\/v2\/media\/6116"}],"wp:attachment":[{"href":"https:\/\/arttmodernmiami.com\/tr\/wp-json\/wp\/v2\/media?parent=6107"}],"wp:term":[{"taxonomy":"category","embeddable":true,"href":"https:\/\/arttmodernmiami.com\/tr\/wp-json\/wp\/v2\/categories?post=6107"},{"taxonomy":"post_tag","embeddable":true,"href":"https:\/\/arttmodernmiami.com\/tr\/wp-json\/wp\/v2\/tags?post=6107"}],"curies":[{"name":"wp","href":"https:\/\/api.w.org\/{rel}","templated":true}]}}