{"id":5134,"date":"2025-02-02T10:09:12","date_gmt":"2025-02-02T07:09:12","guid":{"rendered":"https:\/\/arttmodernmiami.com\/?p=5134"},"modified":"2025-02-02T20:21:33","modified_gmt":"2025-02-02T17:21:33","slug":"my-love-and-valuable-readers","status":"publish","type":"post","link":"https:\/\/arttmodernmiami.com\/tr\/5134\/my-love-and-valuable-readers\/","title":{"rendered":"Astroloji Konu\u015fmalar\u0131"},"content":{"rendered":"<div class=\"wp-block-image\">\n<figure class=\"alignright size-full is-resized\"><img decoding=\"async\" loading=\"lazy\" src=\"https:\/\/arttmodernmiami.com\/wp-content\/uploads\/2024\/12\/oguzhan-aslankurt-arttmodernmiami-astrolog-astrology.jpeg\" alt=\"\" class=\"wp-image-4957\" width=\"262\" height=\"324\"\/><\/figure><\/div>\n\n\n<p>Sevgilin ve De\u011ferli Okurlar\u0131m,<\/p>\n\n\n\n<p>\u015eubat ayn\u0131n ilk Pazartesi\u2019sinden hepinize sevgiler.<\/p>\n\n\n\n<p>\u015eubat ay\u0131 giri\u015fi ile biraz daha bireyselli\u011fe y\u00f6nelmeye ba\u015fl\u0131yoruz.<\/p>\n\n\n\n<p>Hayat\u0131n\u0131zda tamamen \u00f6zg\u00fcr, yenilik\u00e7i fikirlerin oldu\u011fu daha h\u00fcmanizm ilkelerini benimseyece\u011finiz. Belki de bir\u00e7o\u011fumuz daha \u00f6nce yapamad\u0131\u011f\u0131 \u015feylere bir cesaret ad\u0131m atma e\u011filiminde olacakt\u0131r. Tavsiyem \u00f6zg\u00fcrle\u015fme s\u00fcre\u00e7lerinizi kontrol ediniz.<\/p>\n\n\n\n<p>Her zaman ad\u0131m atmadan \u00f6nce \u201cacaba bu verdi\u011fim karar beni ve \u00e7evremi nas\u0131l etkileyecek?\u201d diye ilerlemeliyiz. Mars Retro\u2019su hali haz\u0131rda yapt\u0131\u011f\u0131m\u0131z se\u00e7imlerin sonu\u00e7lar\u0131n\u0131 bizlerde duygusal krizler ve i\u00e7sel gerilimi bast\u0131rma olarak ortaya \u00e7\u0131kar\u0131yorken, \u015eubat ay\u0131n\u0131n tamam\u0131nda \u201cbiraz daha sosyal ama daha mesafeli olsam san\u0131r\u0131m benim i\u00e7in daha iyi olacak.\u201d \u015feklinde bir motto \u00e7al\u0131\u015f\u0131yor.<\/p>\n\n\n\n<p>\u0130nsan \u00f6zg\u00fcrl\u00fck ve \u00f6zg\u00fcrle\u015fme kavramlar\u0131n\u0131 iyi anlamal\u0131d\u0131r. \u00d6zg\u00fcrl\u00fc\u011f\u00fcm\u00fcz ve s\u0131ra d\u0131\u015f\u0131l\u0131\u011f\u0131m\u0131z farkl\u0131 inan\u00e7lara ve fikirlere kar\u015f\u0131 sabit bakmam\u0131za neden olabilir. Buradaki sabitlik yenilenme ve ilerleme kaydetmek isterken geli\u015fimimize ket vurabilir.<\/p>\n\n\n\n<p>\u201cTas\u0131 tara\u011f\u0131 toplay\u0131p gidesim var.\u201d Art\u0131k g\u00f6ky\u00fcz\u00fc bizi zihin ve kalp birli\u011finin olmad\u0131\u011f\u0131 alanlar\u0131 b\u0131rakt\u0131r\u0131rken b\u00fcy\u00fck bir kabule ge\u00e7irdi. \u015eubat bize adeta g\u00fcndem ne olursa olsun olan \u015feyin kaderimiz oldu\u011funu g\u00f6steriyor.<\/p>\n\n\n\n<p>Yeni ba\u015flang\u0131\u00e7 yapmaktan ka\u00e7\u0131n\u0131n sadece ve sadece kendinizi g\u00f6zlemleyin hatta bu ay tavsiyem i\u00e7inizdeki \u00e7ocukla ba\u011flant\u0131ya ge\u00e7in. \ud83d\ude0a<\/p>\n\n\n\n<p><strong>3 \u015eubat Pazartesi<\/strong><\/p>\n\n\n\n<p>Bug\u00fcn\u00fcn \u00f6n ko\u015fulu duygular\u0131m\u0131z ve d\u00fc\u015f\u00fcncelerimiz aras\u0131nda bir birlik olu\u015fturmam\u0131z isteniyor. Zihin ve kalp ancak sessizlikte bulu\u015fur. Kalbin sesi zihnin g\u00fcr\u00fclt\u00fcs\u00fcnde duyulmayacakt\u0131r. Kendinizle sessizce ileti\u015fime ge\u00e7erseniz konu\u015ftuklar\u0131n\u0131z ile kar\u015f\u0131n\u0131zdaki insanlar\u0131n kalbine ve zihnine dokunaca\u011f\u0131m\u0131z\u0131 \u00f6\u011frenece\u011fiz. B\u00f6ylelikle yak\u0131nl\u0131k seviyeniz ili\u015fkilerde artm\u0131\u015f olacak. Bug\u00fcn \u00f6zellikle di\u015fi enerji ile yani bir kad\u0131n veya anne fig\u00fcr\u00fc ile ba\u011flant\u0131ya ge\u00e7iniz. \u0130leti\u015fiminiz \u015feffaf olsun. \ud83d\ude0a<\/p>\n\n\n\n<p><strong>4 \u015eubat Sal\u0131<\/strong><\/p>\n\n\n\n<p>Sal\u0131 g\u00fcn\u00fc karmik etkilerin yo\u011fun oldu\u011fu bir g\u00fcn. Yani kad\u0131n-erkek ili\u015fki dinamikleri \u00e7ok g\u00fc\u00e7l\u00fc \u00e7al\u0131\u015facakt\u0131r.<\/p>\n\n\n\n<p>\u0130\u00e7sel gerilim karma alan\u0131ndaki ili\u015fkilerin bozulmas\u0131na neden olacakt\u0131r. Tatminsiz ve mutsuz olaca\u011f\u0131n\u0131z alanlarda iyi \u015feyler yap\u0131yor -m\u0131\u015f gibi, konu\u015fuyor-m\u0131\u015f gibi yapmazsan\u0131z incinmeyeceksiniz. Zorunlu olarak bir durumun i\u00e7erisinde kal\u0131rsan\u0131z da m\u00fcmk\u00fcnse nefes ile bedeninizi gev\u015fetmeli ve kar\u015f\u0131 ki\u015fi ile olumlu bir atmosferin oldu\u011funu hayal etmeniz olumsuz etki alan\u0131ndan \u00e7\u0131kman\u0131z\u0131 sa\u011flayacakt\u0131r.<\/p>\n\n\n\n<p>Bedenen rahatlam\u0131\u015f olman\u0131z \u00f6nemli yeni bir ili\u015fkinin ba\u015flamas\u0131n\u0131 veya s\u00fcrd\u00fcr\u00fclmesini sa\u011flar.<\/p>\n\n\n\n<p><strong>5 \u015eubat \u00c7ar\u015famba<\/strong><\/p>\n\n\n\n<p>Bug\u00fcn yeni fikirler ile zihnimiz a\u00e7\u0131lm\u0131\u015f olacak. Yeni bir proje geli\u015ftirmek veya daha \u00f6nce devam eden bir sorunun kayna\u011f\u0131n\u0131 anlamak \u00fczerine sistem bize cevaplar iletecektir. Yine manip\u00fclatif bir ili\u015fkinin ileti\u015fimi de manip\u00fclatif olaca\u011f\u0131 i\u00e7in dikkatinizin da\u011f\u0131lmas\u0131na izin vermeyin. Gelecekle ilgili plan ve programlamalar yaparsan\u0131z veriminiz artacakt\u0131r.<\/p>\n\n\n\n<p><strong>6 \u015eubat Per\u015fembe<\/strong><\/p>\n\n\n\n<p>Bug\u00fcn\u00fcn enerjisi ay ikizler ge\u00e7i\u015fi ile merak\u0131n\u0131z iyice artacak. Bir problemi \u00e7\u00f6zmek veya sorunla ba\u015fa \u00e7\u0131kmak i\u00e7in \u00f6fkenizin sizi d\u00f6n\u00fc\u015ft\u00fcrmesine izin vermelisiniz. Yani sa\u011fl\u0131kl\u0131 \u00f6fkeyi kullanarak z\u0131t kutuplar aras\u0131nda, \u00e7\u00f6z\u00fclmemi\u015f duygusal sebepler aras\u0131nda veya ki\u015filer aras\u0131nda uzla\u015fmac\u0131 olmal\u0131s\u0131n\u0131z. Uzla\u015fmak, \u00f6fkeyi bast\u0131rmak de\u011fildir. Olumsuz g\u00f6r\u00fcnen t\u00fcm durum ve olaylar, haller kabul edilip y\u00f6netilmeli ve y\u00f6nlendirilmelidir. Okey, sorun varsa \u00e7\u00f6z\u00fcm vard\u0131r.<\/p>\n\n\n\n<p><strong>7 \u015eubat Cuma<\/strong><\/p>\n\n\n\n<p>Ven\u00fcs G\u00fcn\u00fc ile devam ederken keyifli bir g\u00fcne girdi\u011fimizi eklemek isterim.<\/p>\n\n\n\n<p>Etkin ileti\u015fim ve sosyalle\u015fmenin y\u00fcksek olaca\u011f\u0131n\u0131 g\u00f6steriyor.<\/p>\n\n\n\n<p>Bug\u00fcn duygusal ve zihinsel seviyede kendimizi daha rahat ifade ederiz. Yani fikir ve d\u00fc\u015f\u00fcnce birli\u011fi onaylan\u0131r. Sizde bug\u00fcnden faydalan\u0131n \u00f6zellikle sanatsal ifade eden \u015feyleri a\u00e7\u0131\u011fa \u00e7\u0131karmak veya ilham dolu konu\u015fmalar ile insanlara ve \u00e7evrenize konu\u015fmalar yapabilirsiniz.<\/p>\n\n\n\n<p>Bug\u00fcn sevgi yolu ile ileti\u015fim olacakt\u0131r.<\/p>\n\n\n\n<p>\u0130lahi a\u015fk formu g\u00f6ky\u00fcz\u00fcnde empati duygusunu artt\u0131r\u0131rken, sizde birisine bir hediye verin ama hediyenizi verdi\u011finiz ki\u015fi sizi tan\u0131mas\u0131n. \ud83d\ude0a<\/p>\n\n\n\n<p><strong>8 \u015eubat Cumartesi<\/strong><\/p>\n\n\n\n<p>Ay &#8211; G\u00fcne\u015f a\u00e7\u0131s\u0131 olumlu g\u00f6r\u00fcn\u00fcmde devam ederken t\u00fcm samimiyetinizle konu\u015fman\u0131z gerekiyorsa konu\u015fun fakat ki\u015filik \u00e7at\u0131\u015fmas\u0131na yol a\u00e7mamal\u0131s\u0131n\u0131z. Ay Yenge\u00e7\u2019e ge\u00e7erken Ven\u00fcs etkile\u015fimi keyfinizi ka\u00e7\u0131rabilir. De\u011fer ve tatmin noktas\u0131nda iyi hissetmeyebilirsiniz.<\/p>\n\n\n\n<p>\u00d6rne\u011fin, yapt\u0131\u011f\u0131n\u0131z yemek ele\u015ftirildi ve sizde kabul edemediniz. \ud83d\ude0a<\/p>\n\n\n\n<p>P\u00fcf noktan\u0131z, zorlu bir ki\u015fi ile diren\u00e7 olmadan ileti\u015fim kurmak. Bu alandan egosal davranmadan \u00e7\u0131karsan\u0131z daha kaliteli karmik etkile\u015fimlerin kap\u0131s\u0131n\u0131 a\u00e7acaks\u0131n\u0131z.<\/p>\n\n\n\n<p><strong>9 \u015eubat Pazar<\/strong><\/p>\n\n\n\n<p>Hafta sonuna do\u011fru ilerlerken daha yak\u0131n ili\u015fkilerinize hatta ailenize vakit ay\u0131rman\u0131n keyfini ya\u015famak isteyebilirsiniz.<\/p>\n\n\n\n<p>Bug\u00fcn duygular\u0131n\u0131 rasyonel \u00e7\u00f6z\u00fcmlerle desteklemelisiniz.<\/p>\n\n\n\n<p>T\u00fcm ihtiya\u00e7lar\u0131n\u0131 rahat bir \u015fekilde ifade etmeniz \u00f6nemlidir. Kendinize d\u00fcr\u00fcst olmal\u0131s\u0131n\u0131z. Bazen duygular\u0131 rasyonelle\u015ftirmek ger\u00e7ek duygunuzla y\u00fczle\u015fmenize engel olabilir. Fakat bug\u00fcn \u00f6zellikle kendinizi kand\u0131rmamal\u0131 ve ink\u00e2ra ge\u00e7memelisiniz.<\/p>\n\n\n\n<p>\u00d6rne\u011fin, hayal k\u0131r\u0131kl\u0131\u011f\u0131na u\u011frad\u0131n\u0131z ve yetersizlik duygusuna kap\u0131ld\u0131n\u0131z.<\/p>\n\n\n\n<p>Rasyonelle\u015ftirme s\u00fcreci s\u00f6yle olmal\u0131d\u0131r:<\/p>\n\n\n\n<p>Bu i\u015fe al\u0131nmad\u0131m. Evet, kabul ediyorum fakat bu benim yetersiz birisi oldu\u011fum anlam\u0131na gelmez. Ba\u015fka bir aday onlar\u0131n tercihlerine daha uygundu. \u015eimdi yeni f\u0131rsatlara odaklanabilirim.<\/p>\n\n\n\n<p>Olumsuz taraf\u0131ndan bakarsak hayal k\u0131r\u0131kl\u0131\u011f\u0131na u\u011frad\u0131n\u0131z ve i\u015fe al\u0131nmad\u0131n\u0131z diyelim.<\/p>\n\n\n\n<p>Zaten benimle sa\u00e7ma sapan konu\u015ftular bana g\u00f6re de\u011fildi.<\/p>\n\n\n\n<p>Bu davran\u0131\u015fla kendi i\u00e7inizdeki duygu ile ba\u011flant\u0131 kurmam\u0131\u015f oluyorsunuz. Pazar g\u00fcn\u00fc istenilen tutum tam olarak bu de\u011fil.<\/p>\n\n\n\n<p>Sevgilerimle, haftaya g\u00f6r\u00fc\u015fmek \u00fczere\u2026<\/p>\n\n\n\n<p>Randevu dan\u0131\u015fmanl\u0131k ve sorular\u0131n\u0131z i\u00e7in sosyal medyadan ve web sitem \u00fczerinden takip etmeyi unutmay\u0131n!<\/p>\n\n\n\n<p><a href=\"https:\/\/www.kozmikakademi.com\/\">https:\/\/www.kozmikakademi.com\/<\/a><\/p>\n\n\n\n<p>Instagram: O\u011fuzhan Aslankurt<\/p>\n\n\n\n<p><a href=\"mailto:oguzhanaslankurt9@gmail.com\">oguzhanaslankurt9@gmail.com<\/a><\/p>\n\n\n\n<p>Telefon: +90532 425 4326<\/p>\n","protected":false},"excerpt":{"rendered":"<p>Sevgilin ve De\u011ferli Okurlar\u0131m, \u015eubat ayn\u0131n ilk Pazartesi\u2019sinden hepinize sevgiler. \u015eubat ay\u0131 giri\u015fi ile biraz daha bireyselli\u011fe y\u00f6nelmeye ba\u015fl\u0131yoruz. Hayat\u0131n\u0131zda tamamen \u00f6zg\u00fcr, yenilik\u00e7i fikirlerin oldu\u011fu daha h\u00fcmanizm ilkelerini benimseyece\u011finiz. Belki de bir\u00e7o\u011fumuz daha \u00f6nce yapamad\u0131\u011f\u0131 \u015feylere bir cesaret ad\u0131m atma e\u011filiminde olacakt\u0131r. Tavsiyem \u00f6zg\u00fcrle\u015fme s\u00fcre\u00e7lerinizi kontrol ediniz. Her zaman ad\u0131m atmadan \u00f6nce \u201cacaba bu verdi\u011fim [&hellip;]<\/p>\n","protected":false},"author":4,"featured_media":5141,"comment_status":"open","ping_status":"open","sticky":false,"template":"","format":"standard","meta":[],"categories":[68],"tags":[91,183,182,180,181,179],"translation":{"provider":"WPGlobus","version":"3.0.0","language":"tr","enabled_languages":["en","tr"],"languages":{"en":{"title":true,"content":true,"excerpt":false},"tr":{"title":true,"content":true,"excerpt":false}}},"_links":{"self":[{"href":"https:\/\/arttmodernmiami.com\/tr\/wp-json\/wp\/v2\/posts\/5134"}],"collection":[{"href":"https:\/\/arttmodernmiami.com\/tr\/wp-json\/wp\/v2\/posts"}],"about":[{"href":"https:\/\/arttmodernmiami.com\/tr\/wp-json\/wp\/v2\/types\/post"}],"author":[{"embeddable":true,"href":"https:\/\/arttmodernmiami.com\/tr\/wp-json\/wp\/v2\/users\/4"}],"replies":[{"embeddable":true,"href":"https:\/\/arttmodernmiami.com\/tr\/wp-json\/wp\/v2\/comments?post=5134"}],"version-history":[{"count":5,"href":"https:\/\/arttmodernmiami.com\/tr\/wp-json\/wp\/v2\/posts\/5134\/revisions"}],"predecessor-version":[{"id":5144,"href":"https:\/\/arttmodernmiami.com\/tr\/wp-json\/wp\/v2\/posts\/5134\/revisions\/5144"}],"wp:featuredmedia":[{"embeddable":true,"href":"https:\/\/arttmodernmiami.com\/tr\/wp-json\/wp\/v2\/media\/5141"}],"wp:attachment":[{"href":"https:\/\/arttmodernmiami.com\/tr\/wp-json\/wp\/v2\/media?parent=5134"}],"wp:term":[{"taxonomy":"category","embeddable":true,"href":"https:\/\/arttmodernmiami.com\/tr\/wp-json\/wp\/v2\/categories?post=5134"},{"taxonomy":"post_tag","embeddable":true,"href":"https:\/\/arttmodernmiami.com\/tr\/wp-json\/wp\/v2\/tags?post=5134"}],"curies":[{"name":"wp","href":"https:\/\/api.w.org\/{rel}","templated":true}]}}