{"id":3875,"date":"2024-05-01T20:22:29","date_gmt":"2024-05-01T17:22:29","guid":{"rendered":"https:\/\/arttmodernmiami.com\/?p=3875"},"modified":"2024-05-01T22:44:27","modified_gmt":"2024-05-01T19:44:27","slug":"turkish-students-studying-in-america-united-at-tsa-global-boston-to-miami-from-arizona-to-new-york-from-america-to-canada-tsa-global-is-growing","status":"publish","type":"post","link":"https:\/\/arttmodernmiami.com\/tr\/3875\/turkish-students-studying-in-america-united-at-tsa-global-boston-to-miami-from-arizona-to-new-york-from-america-to-canada-tsa-global-is-growing\/","title":{"rendered":"Amerika\u2019da Okuyan T\u00fcrk \u00d6\u011frenciler, TSA GLOBAL\u2019de Birle\u015fti: Bostan\u2019 dan Miami\u2019ye, Arizona\u2019dan New York\u2019a, Amerika\u2019dan Kanada\u2019ya, TSA GLOBAL B\u00fcy\u00fcyor&#8230;"},"content":{"rendered":"\n<p><strong>ARTTMODERNMIAMI NEWS: TSA Global nedir? Ne zaman kurulmu\u015ftur?<\/strong><\/p>\n\n\n\n<p><strong>TSA GLOBAL:<\/strong> Turkish Student Association yani TSA Global, an itibari ile Amerika ve Kanada, ileride D\u00fcnya genelindeki T\u00fcrk \u00f6\u011frencileri bir araya getirip \u00e7at\u0131 g\u00f6revi yapan \u00f6\u011frenci derne\u011fidir. Derne\u011fimiz, 2023 y\u0131l\u0131n\u0131n kas\u0131m ay\u0131nda kurulmu\u015ftur.<\/p>\n\n\n\n<p><strong>ARTTMODERNMIAMI NEWS: TSA Global\u2019in kurulu\u015f amac\u0131 nedir?<\/strong><\/p>\n\n\n\n<p><strong>TSA GLOBAL:<\/strong> TSA Global, yurt d\u0131\u015f\u0131ndaki T\u00fcrk \u00f6\u011frencilerinin ihtiya\u00e7lar\u0131na cevap vermek ve onlar\u0131 g\u00fc\u00e7lendirmek amac\u0131yla kurulmu\u015ftur. Misyonumuz, T\u00fcrk bireylerin potansiyellerini tam olarak kullanmalar\u0131n\u0131 ve profesyonel geli\u015fimlerini desteklemeyi i\u00e7erirken, vizyonumuz bu bireyleri k\u00fcresel bir a\u011f i\u00e7inde ilerletmek ve T\u00fcrk k\u00fclt\u00fcr\u00fcn\u00fc d\u00fcnya genelinde yaymakt\u0131r.<\/p>\n\n\n\n<p><strong>ARTTMODERNMIAMI NEWS: TSA Global\u2019e ka\u00e7 okul \u00fcyedir?<\/strong><\/p>\n\n\n\n<p><strong>TSA GLOBAL:<\/strong> TSA Global\u2019e Kuzey Amerika genelinde 42 okul \u00fcyedir.<\/p>\n\n\n\n<p><strong>ARTTMODERNMIAMI NEWS: Hedefleriniz nelerdir?<\/strong><\/p>\n\n\n\n<p><strong>TSA GLOBAL:<\/strong> Hedeflerimiz aras\u0131nda T\u00fcrk \u00f6\u011frencilere burs sa\u011flamak, ihtiya\u00e7 sahipleri i\u00e7in fon toplamak, staj ve i\u015f imk\u00e2nlar\u0131 sunmak bulunmaktad\u0131r. Kurulu\u015fumuz, Atat\u00fcrk ilke ve de\u011ferlerini temel alarak, e\u011fitim, k\u00fclt\u00fcr ve sosyal deneyimleri artt\u0131rma yoluyla pozitif de\u011fi\u015fiklik yaratmay\u0131 ama\u00e7lamaktad\u0131r.<\/p>\n\n\n\n<figure class=\"wp-block-image size-large\"><img decoding=\"async\" loading=\"lazy\" width=\"768\" height=\"1024\" src=\"https:\/\/arttmodernmiami.com\/wp-content\/uploads\/2024\/05\/image-768x1024.png\" alt=\"\" class=\"wp-image-3877\" srcset=\"https:\/\/arttmodernmiami.com\/wp-content\/uploads\/2024\/05\/image-768x1024.png 768w, https:\/\/arttmodernmiami.com\/wp-content\/uploads\/2024\/05\/image-225x300.png 225w, https:\/\/arttmodernmiami.com\/wp-content\/uploads\/2024\/05\/image-150x200.png 150w, https:\/\/arttmodernmiami.com\/wp-content\/uploads\/2024\/05\/image-300x400.png 300w, https:\/\/arttmodernmiami.com\/wp-content\/uploads\/2024\/05\/image-696x928.png 696w, https:\/\/arttmodernmiami.com\/wp-content\/uploads\/2024\/05\/image.png 974w\" sizes=\"(max-width: 768px) 100vw, 768px\" \/><\/figure>\n\n\n\n<p><em>Soldan s\u0131ras\u0131yla; Aral Tolan-Efe Y\u0131lmaz-Ata T\u00fct\u00fcnc\u00fcba\u015f\u0131-Cihan Kepenek-Mert Erden-Tugay \u015een (Ny Ba\u015fkonsolos Yard\u0131m\u0131c\u0131s\u0131)-Erk Mete-Kadir O\u011fuz T\u00fcrkan-Mehmet Bora G\u00fcndo\u011fan-Ataberk Yanut-Ata Demir Y\u0131lmaz-Yi\u011fit \u00c7imen-Kayra O\u011fuz-Ece Karavelio\u011flu-Ceyla \u00c7ank\u0131r\u0131-Zeynep \u00c7elikta\u015f-Sedef \u00d6zcan-Misal Kelleci-Sibel Sude Ba\u015fkaya-Doruk G\u00fcndem-Efe Poroy-Bahar \u015eahh\u00fcseyino\u011flu-Sevin\u00e7 \u00dcnvermi\u015f<\/em><\/p>\n\n\n\n<p><strong>ARTTMODERNMIAMI NEWS: Y\u00f6netim kurulundaki gen\u00e7 \u00f6\u011frenciler kimlerdir? K\u0131saca bilgi alabilir miyiz?<\/strong><\/p>\n\n\n\n<p><strong>TSA GLOBAL:<\/strong> Y\u00f6netim kurulumuzda 21 ki\u015fi ve bunun yan\u0131 s\u0131ra 9 stajerimiz vard\u0131r. Ba\u015fkan\u0131m\u0131z Ata T\u00fct\u00fcnc\u00fcba\u015f\u0131, ba\u015fkan yard\u0131mc\u0131lar\u0131m\u0131z Kadir O\u011fuz T\u00fcrkan ve Mert Erden \u00f6nderli\u011finde; Amerika ve Kanada\u2019n\u0131n her taraf\u0131ndan 14 farkl\u0131 okuldan y\u00f6netim kurulu \u00fcyemiz ve stajerimiz bulunmaktad\u0131r. Biraz da y\u00f6netim kurulunda bulunan arkada\u015flar\u0131m\u0131zdan iki tanesinin hik\u00e2yesine bakal\u0131m.<\/p>\n\n\n<div class=\"wp-block-image\">\n<figure class=\"aligncenter size-full is-resized\"><img decoding=\"async\" loading=\"lazy\" src=\"https:\/\/arttmodernmiami.com\/wp-content\/uploads\/2024\/05\/image-1.png\" alt=\"\" class=\"wp-image-3878\" width=\"379\" height=\"261\"\/><\/figure><\/div>\n\n\n<p>Merhaba,<\/p>\n\n\n\n<p>Ben <strong>Ataberk Ate\u015f<\/strong>. 2004 y\u0131l\u0131nda Denizli&#8217;de do\u011fdum. 2004-2013 y\u0131llar\u0131 aras\u0131nda ailemin i\u015fi dolay\u0131s\u0131yla Cidde, Suudi Arabistan\u2019da ya\u015fad\u0131ktan sonra 2013\u2019te aileme bir i\u015f teklifi gelmesi sebebiyle Bursa\u2019ya ta\u015f\u0131nma karar\u0131 ald\u0131k. 4. S\u0131n\u0131f tam 10. S\u0131n\u0131fa kadar TED Bursa kolejinde e\u011fitim ald\u0131ktan sonra 2021 y\u0131l\u0131nda memleketimiz olan Denizli\u2019ye geri d\u00f6nd\u00fck ve lise hayat\u0131m\u0131n son iki senesini Denizli \u0130stek Kolejinde tamamlad\u0131m. A\u011fustos 2023&#8217;te \u00fcniversite e\u011fitimim i\u00e7in Florida International \u00dcniversitesi&#8217;ne, Miami&#8217;ye geldim. \u015eu anda FIU&#8217;nun birinci s\u0131n\u0131f \u00f6\u011frencisiyim ve TSA Global PR ekibinde stajyer olarak \u00e7al\u0131\u015fmaktay\u0131m. Ayn\u0131 zamanda, okulumda FIU TSA&#8217;n\u0131n ba\u015fkanl\u0131\u011f\u0131n\u0131 y\u00fcr\u00fctmekteyim. Ocak ay\u0131nda TSA Global ekibinde \u00e7al\u0131\u015fmaya ba\u015flad\u0131m.<\/p>\n\n\n<div class=\"wp-block-image\">\n<figure class=\"aligncenter size-large is-resized\"><img decoding=\"async\" loading=\"lazy\" src=\"https:\/\/arttmodernmiami.com\/wp-content\/uploads\/2024\/05\/image-2-833x1024.png\" alt=\"\" class=\"wp-image-3879\" width=\"310\" height=\"389\"\/><\/figure><\/div>\n\n\n<p>Bir di\u011fer y\u00f6netim kurulu \u00fcyesi <strong>Mehmet Bora G\u00fcndo\u011fan<\/strong>, Kad\u0131k\u00f6y&#8217;de 2002 y\u0131l\u0131nda do\u011fdu, 2019&#8217;a kadar \u00c7anakkale&#8217;de ya\u015fad\u0131ktan sonra, 2019&#8217;da Tempe, Arizona&#8217;ya ta\u015f\u0131nd\u0131. \u015eu anda Arizona State University&#8217;de Business Management okuyor ve \u00fc\u00e7\u00fcnc\u00fc y\u0131l\u0131n\u0131 bitirdi. \u00dc\u00e7 senedir okulundaki T\u00fcrk \u00d6\u011frenci Birli\u011fini y\u00f6netmektedir ve bu y\u0131l di\u011fer arkada\u015flar\u0131 ile birlikte TSA Global&#8217;i kurdu, \u015fuan Head of Public Relations g\u00f6revini y\u00fcr\u00fctmektedir. Ayn\u0131 zamanda bu yaz Dallas&#8217;ta Amazon b\u00f6lge m\u00fcd\u00fcr\u00fc staj\u0131 yapaca\u011f\u0131n\u0131 bizlere iletti.<\/p>\n\n\n\n<figure class=\"wp-block-image size-large\"><img decoding=\"async\" loading=\"lazy\" width=\"847\" height=\"1024\" src=\"https:\/\/arttmodernmiami.com\/wp-content\/uploads\/2024\/05\/image-3-847x1024.png\" alt=\"\" class=\"wp-image-3880\" srcset=\"https:\/\/arttmodernmiami.com\/wp-content\/uploads\/2024\/05\/image-3-847x1024.png 847w, https:\/\/arttmodernmiami.com\/wp-content\/uploads\/2024\/05\/image-3-248x300.png 248w, https:\/\/arttmodernmiami.com\/wp-content\/uploads\/2024\/05\/image-3-768x929.png 768w, https:\/\/arttmodernmiami.com\/wp-content\/uploads\/2024\/05\/image-3-150x181.png 150w, https:\/\/arttmodernmiami.com\/wp-content\/uploads\/2024\/05\/image-3-300x363.png 300w, https:\/\/arttmodernmiami.com\/wp-content\/uploads\/2024\/05\/image-3-696x842.png 696w, https:\/\/arttmodernmiami.com\/wp-content\/uploads\/2024\/05\/image-3.png 974w\" sizes=\"(max-width: 847px) 100vw, 847px\" \/><\/figure>\n\n\n\n<p><strong>ARTTMODERNMIAMI NEWS: Amerika\u2019da \u00f6\u011frenci olmak hakk\u0131nda k\u0131sa bir bilgi alabilir miyiz?<\/strong><\/p>\n\n\n\n<p><strong>TSA GLOBAL:<\/strong> Amerika\u2019da \u00f6\u011frenci olmak yan\u0131 s\u0131ra, Amerika\u2019da T\u00fcrk bir \u00f6\u011frenci olmaktan bahsetmek isterim. Ne kadar farkl\u0131 k\u00fclt\u00fcr \u00f6\u011frenmek, farkl\u0131 insanlarla tan\u0131\u015f\u0131p kendine her g\u00fcn yeni bir \u015fey katman\u0131n art\u0131lar\u0131 olsa da, buradaki \u00e7o\u011fu T\u00fcrk \u00f6\u011frencilerin \u00e7ekti\u011fi s\u0131k\u0131nt\u0131lar var. Bunlar memleket \u00f6zlemi ve T\u00fcrk k\u00fclt\u00fcr\u00fcnden uzak kal\u0131p yaln\u0131zla\u015fmadan tutun, vize i\u00e7in staj ve i\u015f bulmadaki zorluklara kadar uzan\u0131yor. Biz ise TSA Global olarak tam da burada devreye giriyoruz.<\/p>\n\n\n\n<figure class=\"wp-block-image size-large\"><img decoding=\"async\" loading=\"lazy\" width=\"852\" height=\"1024\" src=\"https:\/\/arttmodernmiami.com\/wp-content\/uploads\/2024\/05\/image-4-852x1024.png\" alt=\"\" class=\"wp-image-3881\" srcset=\"https:\/\/arttmodernmiami.com\/wp-content\/uploads\/2024\/05\/image-4-852x1024.png 852w, https:\/\/arttmodernmiami.com\/wp-content\/uploads\/2024\/05\/image-4-250x300.png 250w, https:\/\/arttmodernmiami.com\/wp-content\/uploads\/2024\/05\/image-4-768x923.png 768w, https:\/\/arttmodernmiami.com\/wp-content\/uploads\/2024\/05\/image-4-150x180.png 150w, https:\/\/arttmodernmiami.com\/wp-content\/uploads\/2024\/05\/image-4-300x360.png 300w, https:\/\/arttmodernmiami.com\/wp-content\/uploads\/2024\/05\/image-4-696x836.png 696w, https:\/\/arttmodernmiami.com\/wp-content\/uploads\/2024\/05\/image-4.png 974w\" sizes=\"(max-width: 852px) 100vw, 852px\" \/><\/figure>\n\n\n\n<p><strong>ARTTMODERNMIAMI NEWS: NY T\u00fcrk Evi\u2019ndeki \u201cKariyer Toplant\u0131s\u0131\u201d na kimler kat\u0131l\u0131yor?<\/strong><\/p>\n\n\n\n<p><strong>TSA GLOBAL:<\/strong> New York\u2019taki Kariyer Fuar\u0131m\u0131za yakla\u015f\u0131k 300 \u00f6\u011frenci, 100 i\u015f adam\u0131 ve i\u015f kad\u0131n\u0131 kat\u0131l\u0131m sa\u011flad\u0131. Fuar\u0131m\u0131zdan hemen \u00f6nce yer alan konu\u015fmac\u0131 program\u0131m\u0131zda \u00fc\u00e7 de\u011ferli konu\u015fmac\u0131y\u0131 a\u011f\u0131rlad\u0131k. Bunlar s\u0131ras\u0131 ile T\u00fcrk Hava Yollar\u0131 New York b\u00f6lgesel pazarlama m\u00fcd\u00fcr\u00fc Alp Ozaman, Pfizer CMO\/Launch Excellence Lead\u2019i Serhan Alt\u0131nta\u015f ve Nature\u2019s Wild Organics direkt\u00f6r\u00fc Meryem G\u00f6ksu Kaya. Bunun yan\u0131 s\u0131ra Mavi, Barsan Global Lojistik, Lazzoni ve Egea Foods gibi \u015firketler ba\u015fta olmak \u00fczere, 12 \u015firket stant a\u00e7t\u0131.<\/p>\n\n\n\n<p><strong>ARTTMODERNMIAMI NEWS: Programlar\u0131n\u0131z\u0131 olduk\u00e7a etkileyici bulduk, okuyucular\u0131m\u0131z i\u00e7in, biraz bahsedebilir misiniz?<\/strong><\/p>\n\n\n\n<p><strong>TSA GLOBAL:<\/strong> Tabii ki, TSA Global olarak \u00f6\u011frencilere ve mezunlara y\u00f6nelik kapsaml\u0131 programlar sunmaktay\u0131z.<\/p>\n\n\n\n<p>Kariyer Fuarlar\u0131m\u0131z ile Amerika, Kanada ve T\u00fcrkiye&#8217;den gelen i\u015f insanlar\u0131, profes\u00f6rler ve sanat\u00e7\u0131lar\u0131 \u00f6\u011frencilerle bulu\u015fturarak onlara networking ve staj imk\u00e2nlar\u0131 sa\u011fl\u0131yoruz.<\/p>\n\n\n\n<p>Burs Programlar\u0131m\u0131z arac\u0131l\u0131\u011f\u0131yla, \u015firketlerin ve ba\u011f\u0131\u015f\u00e7\u0131lar\u0131n deste\u011fiyle de\u011ferli T\u00fcrk \u00f6\u011frencilere burs da\u011f\u0131t\u0131m\u0131 yaparak akademik kariyerlerine katk\u0131da bulunuyoruz.<\/p>\n\n\n\n<p>Ment\u00f6rl\u00fck program\u0131m\u0131z, tecr\u00fcbeli akademisyen ve mezunlar\u0131m\u0131z\u0131n, ment\u00f6rl\u00fck ihtiyac\u0131 duyan \u00f6\u011frencilerimizle ba\u011f kurmas\u0131n\u0131 sa\u011flayarak onlar\u0131n profesyonel geli\u015fimlerine destek oluyor.<\/p>\n\n\n\n<p>Konu\u015fmac\u0131 Programlar\u0131m\u0131zda ise se\u00e7kin T\u00fcrk i\u015f adamlar\u0131, i\u015f kad\u0131nlar\u0131 ve akademisyenlerle ileti\u015fime ge\u00e7erek \u00f6\u011frenci yo\u011funlu\u011fu olan \u015fehirlerde e\u011fitici seminerler, konu\u015fmalar ve etkinlikler d\u00fczenliyoruz.<\/p>\n\n\n\n<p>\u00c7al\u0131\u015ftaylar\u0131m\u0131z da ise T\u00fcrk yetkililerin bilgi birikimlerini d\u00fczenleyece\u011fimiz etkinlikler arac\u0131l\u0131\u011f\u0131yla i\u015flevselle\u015ftiriyoruz.<\/p>\n\n\n\n<p>Bu programlar\u0131m\u0131z sayesinde, \u00f6\u011frencilerimiz ve gen\u00e7 profesyonellerimiz, hem k\u00fclt\u00fcrel hem de profesyonel anlamda kendilerini geli\u015ftirme ve k\u00fcresel bir a\u011f\u0131n par\u00e7as\u0131 olma f\u0131rsat\u0131 buluyorlar.<\/p>\n\n\n\n<p><strong>ARTTMODERNMIAMI NEWS: Gelecek etkinlikleriniz hakk\u0131nda bilgi alabilir miyiz?<\/strong><\/p>\n\n\n\n<p><strong>TSA GLOBAL:<\/strong> Bir sonraki etkinli\u011fimiz okul d\u00f6neminin sona ermesi ile birlikte 3 May\u0131sta d\u00fczenleyece\u011fimiz y\u0131lsonu partimiz, Miami\u2019de \u00f6\u011frencilerin ders streslerini di\u011fer T\u00fcrklerle, T\u00fcrk m\u00fczi\u011fi ve yeme\u011fi ile atabilece\u011fi bir ortam olu\u015fturmakt\u0131r. Bir sonraki okul d\u00f6neminin ba\u015flamas\u0131 ile California, Florida, Toronto, New York ve Massachusetts gibi yerlerde de kariyer fuarlar\u0131 ve konu\u015fmac\u0131 programlar\u0131m\u0131z ba\u015fta gelmek \u00fczere tam gaz ilerleyece\u011fiz.<\/p>\n\n\n\n<p><a href=\"https:\/\/www.instagram.com\/turkishstudentsassociation?igsh=MmtmOGRyZ3o1cjRh\">TSA Global (@turkishstudentsassociation) \u2022 Instagram photos and videos<\/a><\/p>\n","protected":false},"excerpt":{"rendered":"<p>ARTTMODERNMIAMI NEWS: TSA Global nedir? Ne zaman kurulmu\u015ftur? TSA GLOBAL: Turkish Student Association yani TSA Global, an itibari ile Amerika ve Kanada, ileride D\u00fcnya genelindeki T\u00fcrk \u00f6\u011frencileri bir araya getirip \u00e7at\u0131 g\u00f6revi yapan \u00f6\u011frenci derne\u011fidir. Derne\u011fimiz, 2023 y\u0131l\u0131n\u0131n kas\u0131m ay\u0131nda kurulmu\u015ftur. ARTTMODERNMIAMI NEWS: TSA Global\u2019in kurulu\u015f amac\u0131 nedir? TSA GLOBAL: TSA Global, yurt d\u0131\u015f\u0131ndaki T\u00fcrk [&hellip;]<\/p>\n","protected":false},"author":4,"featured_media":3876,"comment_status":"open","ping_status":"open","sticky":false,"template":"","format":"standard","meta":[],"categories":[67],"tags":[151,75,153,93,152],"translation":{"provider":"WPGlobus","version":"3.0.0","language":"tr","enabled_languages":["en","tr"],"languages":{"en":{"title":true,"content":true,"excerpt":false},"tr":{"title":true,"content":true,"excerpt":false}}},"_links":{"self":[{"href":"https:\/\/arttmodernmiami.com\/tr\/wp-json\/wp\/v2\/posts\/3875"}],"collection":[{"href":"https:\/\/arttmodernmiami.com\/tr\/wp-json\/wp\/v2\/posts"}],"about":[{"href":"https:\/\/arttmodernmiami.com\/tr\/wp-json\/wp\/v2\/types\/post"}],"author":[{"embeddable":true,"href":"https:\/\/arttmodernmiami.com\/tr\/wp-json\/wp\/v2\/users\/4"}],"replies":[{"embeddable":true,"href":"https:\/\/arttmodernmiami.com\/tr\/wp-json\/wp\/v2\/comments?post=3875"}],"version-history":[{"count":7,"href":"https:\/\/arttmodernmiami.com\/tr\/wp-json\/wp\/v2\/posts\/3875\/revisions"}],"predecessor-version":[{"id":3889,"href":"https:\/\/arttmodernmiami.com\/tr\/wp-json\/wp\/v2\/posts\/3875\/revisions\/3889"}],"wp:featuredmedia":[{"embeddable":true,"href":"https:\/\/arttmodernmiami.com\/tr\/wp-json\/wp\/v2\/media\/3876"}],"wp:attachment":[{"href":"https:\/\/arttmodernmiami.com\/tr\/wp-json\/wp\/v2\/media?parent=3875"}],"wp:term":[{"taxonomy":"category","embeddable":true,"href":"https:\/\/arttmodernmiami.com\/tr\/wp-json\/wp\/v2\/categories?post=3875"},{"taxonomy":"post_tag","embeddable":true,"href":"https:\/\/arttmodernmiami.com\/tr\/wp-json\/wp\/v2\/tags?post=3875"}],"curies":[{"name":"wp","href":"https:\/\/api.w.org\/{rel}","templated":true}]}}