{"id":2985,"date":"2023-11-13T00:17:28","date_gmt":"2023-11-12T21:17:28","guid":{"rendered":"https:\/\/arttmodernmiami.com\/?p=2985"},"modified":"2023-11-13T00:22:35","modified_gmt":"2023-11-12T21:22:35","slug":"fresh-out-of-the-oven-san-diego-is-waiting-for-you","status":"publish","type":"post","link":"https:\/\/arttmodernmiami.com\/tr\/2985\/fresh-out-of-the-oven-san-diego-is-waiting-for-you\/","title":{"rendered":"Taze \u00e7\u0131kt\u0131 f\u0131r\u0131ndan! San Diego sizi bekliyor!"},"content":{"rendered":"\n<figure class=\"wp-block-image size-full\"><img decoding=\"async\" loading=\"lazy\" width=\"974\" height=\"584\" src=\"https:\/\/arttmodernmiami.com\/wp-content\/uploads\/2023\/11\/image-32.png\" alt=\"\" class=\"wp-image-2987\" srcset=\"https:\/\/arttmodernmiami.com\/wp-content\/uploads\/2023\/11\/image-32.png 974w, https:\/\/arttmodernmiami.com\/wp-content\/uploads\/2023\/11\/image-32-300x180.png 300w, https:\/\/arttmodernmiami.com\/wp-content\/uploads\/2023\/11\/image-32-768x460.png 768w, https:\/\/arttmodernmiami.com\/wp-content\/uploads\/2023\/11\/image-32-150x90.png 150w, https:\/\/arttmodernmiami.com\/wp-content\/uploads\/2023\/11\/image-32-696x417.png 696w\" sizes=\"(max-width: 974px) 100vw, 974px\" \/><\/figure>\n\n\n\n<p>Herkese merhabalar,<\/p>\n\n\n\n<p>Bu sat\u0131rlar\u0131 size San Diego\u2019dan yaz\u0131yorum. Art San Diego i\u00e7in, 4 g\u00fcnl\u00fck bir seyahate \u00e7\u0131kt\u0131m, bilmeyenler i\u00e7in s\u00f6yleyeyim, sanat\u00e7\u0131y\u0131m. Art San Diego\u2019da uluslararas\u0131 kat\u0131ld\u0131\u011f\u0131m fuarlardan bir tanesi\u2026&nbsp; \u015eimdi yazaca\u011f\u0131m yaz\u0131mda sizlerle San Diego\u2019nun havas\u0131ndan, ambiyans\u0131ndan, tarihinden ve hatta ekonomisinden bahsedece\u011fim, biraz kritik yapmaya var m\u0131s\u0131n\u0131z? Bug\u00fcn kat\u0131ld\u0131\u011f\u0131m sanat fuar\u0131n\u0131n son g\u00fcn\u00fc ve ger\u00e7ekten yorulmu\u015f durumday\u0131m ama en taze duygularla, unutmadan, yazmak istedim.<\/p>\n\n\n\n<figure class=\"wp-block-image size-full\"><img decoding=\"async\" loading=\"lazy\" width=\"974\" height=\"641\" src=\"https:\/\/arttmodernmiami.com\/wp-content\/uploads\/2023\/11\/image-33.png\" alt=\"\" class=\"wp-image-2988\" srcset=\"https:\/\/arttmodernmiami.com\/wp-content\/uploads\/2023\/11\/image-33.png 974w, https:\/\/arttmodernmiami.com\/wp-content\/uploads\/2023\/11\/image-33-300x197.png 300w, https:\/\/arttmodernmiami.com\/wp-content\/uploads\/2023\/11\/image-33-768x505.png 768w, https:\/\/arttmodernmiami.com\/wp-content\/uploads\/2023\/11\/image-33-150x99.png 150w, https:\/\/arttmodernmiami.com\/wp-content\/uploads\/2023\/11\/image-33-696x458.png 696w\" sizes=\"(max-width: 974px) 100vw, 974px\" \/><\/figure>\n\n\n\n<figure class=\"wp-block-image size-full\"><img decoding=\"async\" loading=\"lazy\" width=\"1024\" height=\"768\" src=\"https:\/\/arttmodernmiami.com\/wp-content\/uploads\/2023\/11\/image-34.png\" alt=\"\" class=\"wp-image-2989\" srcset=\"https:\/\/arttmodernmiami.com\/wp-content\/uploads\/2023\/11\/image-34.png 1024w, https:\/\/arttmodernmiami.com\/wp-content\/uploads\/2023\/11\/image-34-300x225.png 300w, https:\/\/arttmodernmiami.com\/wp-content\/uploads\/2023\/11\/image-34-768x576.png 768w, https:\/\/arttmodernmiami.com\/wp-content\/uploads\/2023\/11\/image-34-150x113.png 150w, https:\/\/arttmodernmiami.com\/wp-content\/uploads\/2023\/11\/image-34-696x522.png 696w\" sizes=\"(max-width: 1024px) 100vw, 1024px\" \/><\/figure>\n\n\n\n<figure class=\"wp-block-image size-full\"><img decoding=\"async\" loading=\"lazy\" width=\"974\" height=\"695\" src=\"https:\/\/arttmodernmiami.com\/wp-content\/uploads\/2023\/11\/image-35.png\" alt=\"\" class=\"wp-image-2990\" srcset=\"https:\/\/arttmodernmiami.com\/wp-content\/uploads\/2023\/11\/image-35.png 974w, https:\/\/arttmodernmiami.com\/wp-content\/uploads\/2023\/11\/image-35-300x214.png 300w, https:\/\/arttmodernmiami.com\/wp-content\/uploads\/2023\/11\/image-35-768x548.png 768w, https:\/\/arttmodernmiami.com\/wp-content\/uploads\/2023\/11\/image-35-150x107.png 150w, https:\/\/arttmodernmiami.com\/wp-content\/uploads\/2023\/11\/image-35-696x497.png 696w\" sizes=\"(max-width: 974px) 100vw, 974px\" \/><\/figure>\n\n\n\n<p>3-5 Kas\u0131m tarihlerinde d\u00fczenlenen, sergi i\u00e7in Art San Diego\u2019ya geldim. Conversation Center\u2019da d\u00fczenlenen sergi yeri son derece etkileyici, eserlerin \u00e7o\u011funa da pop-art h\u00e2kim\u2026 Sanat haberlerinin d\u0131\u015f\u0131nda s\u00f6ylenecek \u00e7ok \u015fey var, hadi ba\u015flayal\u0131m.<\/p>\n\n\n\n<figure class=\"wp-block-image size-full\"><img decoding=\"async\" loading=\"lazy\" width=\"974\" height=\"679\" src=\"https:\/\/arttmodernmiami.com\/wp-content\/uploads\/2023\/11\/image-36.png\" alt=\"\" class=\"wp-image-2991\" srcset=\"https:\/\/arttmodernmiami.com\/wp-content\/uploads\/2023\/11\/image-36.png 974w, https:\/\/arttmodernmiami.com\/wp-content\/uploads\/2023\/11\/image-36-300x209.png 300w, https:\/\/arttmodernmiami.com\/wp-content\/uploads\/2023\/11\/image-36-768x535.png 768w, https:\/\/arttmodernmiami.com\/wp-content\/uploads\/2023\/11\/image-36-150x105.png 150w, https:\/\/arttmodernmiami.com\/wp-content\/uploads\/2023\/11\/image-36-696x485.png 696w\" sizes=\"(max-width: 974px) 100vw, 974px\" \/><\/figure>\n\n\n\n<figure class=\"wp-block-image size-full\"><img decoding=\"async\" loading=\"lazy\" width=\"974\" height=\"653\" src=\"https:\/\/arttmodernmiami.com\/wp-content\/uploads\/2023\/11\/image-37.png\" alt=\"\" class=\"wp-image-2992\" srcset=\"https:\/\/arttmodernmiami.com\/wp-content\/uploads\/2023\/11\/image-37.png 974w, https:\/\/arttmodernmiami.com\/wp-content\/uploads\/2023\/11\/image-37-300x201.png 300w, https:\/\/arttmodernmiami.com\/wp-content\/uploads\/2023\/11\/image-37-768x515.png 768w, https:\/\/arttmodernmiami.com\/wp-content\/uploads\/2023\/11\/image-37-150x101.png 150w, https:\/\/arttmodernmiami.com\/wp-content\/uploads\/2023\/11\/image-37-696x467.png 696w\" sizes=\"(max-width: 974px) 100vw, 974px\" \/><\/figure>\n\n\n\n<figure class=\"wp-block-image size-full\"><img decoding=\"async\" loading=\"lazy\" width=\"974\" height=\"648\" src=\"https:\/\/arttmodernmiami.com\/wp-content\/uploads\/2023\/11\/image-38.png\" alt=\"\" class=\"wp-image-2993\" srcset=\"https:\/\/arttmodernmiami.com\/wp-content\/uploads\/2023\/11\/image-38.png 974w, https:\/\/arttmodernmiami.com\/wp-content\/uploads\/2023\/11\/image-38-300x200.png 300w, https:\/\/arttmodernmiami.com\/wp-content\/uploads\/2023\/11\/image-38-768x511.png 768w, https:\/\/arttmodernmiami.com\/wp-content\/uploads\/2023\/11\/image-38-150x100.png 150w, https:\/\/arttmodernmiami.com\/wp-content\/uploads\/2023\/11\/image-38-696x463.png 696w\" sizes=\"(max-width: 974px) 100vw, 974px\" \/><\/figure>\n\n\n\n<figure class=\"wp-block-image size-full\"><img decoding=\"async\" loading=\"lazy\" width=\"974\" height=\"842\" src=\"https:\/\/arttmodernmiami.com\/wp-content\/uploads\/2023\/11\/image-39.png\" alt=\"\" class=\"wp-image-2994\" srcset=\"https:\/\/arttmodernmiami.com\/wp-content\/uploads\/2023\/11\/image-39.png 974w, https:\/\/arttmodernmiami.com\/wp-content\/uploads\/2023\/11\/image-39-300x259.png 300w, https:\/\/arttmodernmiami.com\/wp-content\/uploads\/2023\/11\/image-39-768x664.png 768w, https:\/\/arttmodernmiami.com\/wp-content\/uploads\/2023\/11\/image-39-150x130.png 150w, https:\/\/arttmodernmiami.com\/wp-content\/uploads\/2023\/11\/image-39-696x602.png 696w\" sizes=\"(max-width: 974px) 100vw, 974px\" \/><\/figure>\n\n\n\n<p>Normalde seyahat etti\u011fimde araba kiralamay\u0131 tercih ederim, s\u0131k\u0131lmaya hi\u00e7 tahamm\u00fcl\u00fcm yok \u00e7\u00fcnk\u00fc\u2026 Bir yerde biraz olsun s\u0131k\u0131l\u0131rsam, basar giderim kafas\u0131nday\u0131m san\u0131r\u0131m ? fakat San Diego\u2019da \u00f6nermiyorum. K\u00fc\u00e7\u00fck bir yer ve e\u011fer i\u015f gezisi i\u00e7in geldiyseniz benim gibi, \u015fehir merkezinde kal\u0131n, her yere y\u00fcr\u00fcyerek gidebilirsiniz.&nbsp; Ama daha uzun bir seyahat planlad\u0131ysan\u0131z, araba kiralanabilir.<\/p>\n\n\n\n<p>Gaslamp District de yer alan fuar sebebiyle, ben de o b\u00f6lgede kald\u0131m.&nbsp;<\/p>\n\n\n\n<figure class=\"wp-block-image size-full\"><img decoding=\"async\" loading=\"lazy\" width=\"974\" height=\"542\" src=\"https:\/\/arttmodernmiami.com\/wp-content\/uploads\/2023\/11\/image-40.png\" alt=\"\" class=\"wp-image-2995\" srcset=\"https:\/\/arttmodernmiami.com\/wp-content\/uploads\/2023\/11\/image-40.png 974w, https:\/\/arttmodernmiami.com\/wp-content\/uploads\/2023\/11\/image-40-300x167.png 300w, https:\/\/arttmodernmiami.com\/wp-content\/uploads\/2023\/11\/image-40-768x427.png 768w, https:\/\/arttmodernmiami.com\/wp-content\/uploads\/2023\/11\/image-40-150x83.png 150w, https:\/\/arttmodernmiami.com\/wp-content\/uploads\/2023\/11\/image-40-696x387.png 696w\" sizes=\"(max-width: 974px) 100vw, 974px\" \/><\/figure>\n\n\n\n<figure class=\"wp-block-image size-full\"><img decoding=\"async\" loading=\"lazy\" width=\"974\" height=\"684\" src=\"https:\/\/arttmodernmiami.com\/wp-content\/uploads\/2023\/11\/image-41.png\" alt=\"\" class=\"wp-image-2996\" srcset=\"https:\/\/arttmodernmiami.com\/wp-content\/uploads\/2023\/11\/image-41.png 974w, https:\/\/arttmodernmiami.com\/wp-content\/uploads\/2023\/11\/image-41-300x211.png 300w, https:\/\/arttmodernmiami.com\/wp-content\/uploads\/2023\/11\/image-41-768x539.png 768w, https:\/\/arttmodernmiami.com\/wp-content\/uploads\/2023\/11\/image-41-150x105.png 150w, https:\/\/arttmodernmiami.com\/wp-content\/uploads\/2023\/11\/image-41-696x489.png 696w\" sizes=\"(max-width: 974px) 100vw, 974px\" \/><\/figure>\n\n\n\n<figure class=\"wp-block-image size-full\"><img decoding=\"async\" loading=\"lazy\" width=\"974\" height=\"934\" src=\"https:\/\/arttmodernmiami.com\/wp-content\/uploads\/2023\/11\/image-42.png\" alt=\"\" class=\"wp-image-2997\" srcset=\"https:\/\/arttmodernmiami.com\/wp-content\/uploads\/2023\/11\/image-42.png 974w, https:\/\/arttmodernmiami.com\/wp-content\/uploads\/2023\/11\/image-42-300x288.png 300w, https:\/\/arttmodernmiami.com\/wp-content\/uploads\/2023\/11\/image-42-768x736.png 768w, https:\/\/arttmodernmiami.com\/wp-content\/uploads\/2023\/11\/image-42-150x144.png 150w, https:\/\/arttmodernmiami.com\/wp-content\/uploads\/2023\/11\/image-42-696x667.png 696w\" sizes=\"(max-width: 974px) 100vw, 974px\" \/><\/figure>\n\n\n\n<p>Gaslamp District, San Diego&#8217;nun hem en \u00fcnl\u00fc, hem de \u015fehrin tarihsel olarak en \u00f6nemli mahallesidir. \u015eehir merkezinde on be\u015f mil karelik bir aland\u0131r. Gaslamp Quarter&#8217;\u0131n ana caddesi Fifth Avenue&#8217;de en az\u0131ndan bir gezintiye \u00e7\u0131kmadan San Diego&#8217;yu ziyaret etmek d\u00fc\u015f\u00fcn\u00fclemez. San Diego&#8217;yu ilk kez ziyaret eden ki\u015filer, ad\u0131ndan da anla\u015f\u0131laca\u011f\u0131 gibi Eski Kent&#8217;in \u015fehrin en eski mahallesi oldu\u011funa inanabilirler. En bilinen California yerle\u015fimi olsa da Gaslamp Quarter, San Diego&#8217;nun kalbinin att\u0131\u011f\u0131 \u015fehirdir.<\/p>\n\n\n\n<p>\u015eehir \u00e7ok enteresan, eski western filmlerini seyrettiyseniz, kesinlikle o havay\u0131 hissediyorsunuz. Binalar olduk\u00e7a eski ve restore edilerek restorana ve otele d\u00f6nd\u00fcr\u00fclm\u00fc\u015f. Sokak pazarlar\u0131 \u00e7ok dikkat \u00e7ekici, mutlaka alacak bir \u015fey buluyorsunuz. Ben yar\u0131 de\u011ferli ta\u015flara ve tasar\u0131mlar\u0131na bay\u0131l\u0131r\u0131m ve kesinlikle s\u00f6yleyebilirim ki, San Diego bu konuda \u00e7ok iyi! San\u0131r\u0131m eski vah\u015fi bat\u0131n\u0131n kalbindeyim ve alt\u0131n aray\u0131c\u0131lar\u0131 zaman\u0131nda buraya geldi. \u015euanda hala alt\u0131n var m\u0131 bilmiyorum ama her k\u00f6\u015fe de g\u00f6rd\u00fc\u011f\u00fcm yar\u0131 de\u011ferli ta\u015flar, buras\u0131n\u0131n kayna\u011f\u0131 oldu\u011funu d\u00fc\u015f\u00fcnd\u00fcr\u00fcyor. Akik, ametist, malahit ve ad\u0131n\u0131 bilmedi\u011fim bir\u00e7ok ta\u015f ba\u015f\u0131m\u0131 d\u00f6nd\u00fcrd\u00fc. Tabii ki hat\u0131ra olarak al\u0131nd\u0131lar ?<\/p>\n\n\n\n<figure class=\"wp-block-image size-full\"><img decoding=\"async\" loading=\"lazy\" width=\"974\" height=\"773\" src=\"https:\/\/arttmodernmiami.com\/wp-content\/uploads\/2023\/11\/image-43.png\" alt=\"\" class=\"wp-image-2998\" srcset=\"https:\/\/arttmodernmiami.com\/wp-content\/uploads\/2023\/11\/image-43.png 974w, https:\/\/arttmodernmiami.com\/wp-content\/uploads\/2023\/11\/image-43-300x238.png 300w, https:\/\/arttmodernmiami.com\/wp-content\/uploads\/2023\/11\/image-43-768x610.png 768w, https:\/\/arttmodernmiami.com\/wp-content\/uploads\/2023\/11\/image-43-150x119.png 150w, https:\/\/arttmodernmiami.com\/wp-content\/uploads\/2023\/11\/image-43-696x552.png 696w\" sizes=\"(max-width: 974px) 100vw, 974px\" \/><\/figure>\n\n\n\n<figure class=\"wp-block-image size-full\"><img decoding=\"async\" loading=\"lazy\" width=\"974\" height=\"692\" src=\"https:\/\/arttmodernmiami.com\/wp-content\/uploads\/2023\/11\/image-44.png\" alt=\"\" class=\"wp-image-2999\" srcset=\"https:\/\/arttmodernmiami.com\/wp-content\/uploads\/2023\/11\/image-44.png 974w, https:\/\/arttmodernmiami.com\/wp-content\/uploads\/2023\/11\/image-44-300x213.png 300w, https:\/\/arttmodernmiami.com\/wp-content\/uploads\/2023\/11\/image-44-768x546.png 768w, https:\/\/arttmodernmiami.com\/wp-content\/uploads\/2023\/11\/image-44-150x107.png 150w, https:\/\/arttmodernmiami.com\/wp-content\/uploads\/2023\/11\/image-44-696x494.png 696w\" sizes=\"(max-width: 974px) 100vw, 974px\" \/><\/figure>\n\n\n\n<figure class=\"wp-block-image size-full\"><img decoding=\"async\" loading=\"lazy\" width=\"974\" height=\"645\" src=\"https:\/\/arttmodernmiami.com\/wp-content\/uploads\/2023\/11\/image-45.png\" alt=\"\" class=\"wp-image-3000\" srcset=\"https:\/\/arttmodernmiami.com\/wp-content\/uploads\/2023\/11\/image-45.png 974w, https:\/\/arttmodernmiami.com\/wp-content\/uploads\/2023\/11\/image-45-300x199.png 300w, https:\/\/arttmodernmiami.com\/wp-content\/uploads\/2023\/11\/image-45-768x509.png 768w, https:\/\/arttmodernmiami.com\/wp-content\/uploads\/2023\/11\/image-45-150x99.png 150w, https:\/\/arttmodernmiami.com\/wp-content\/uploads\/2023\/11\/image-45-696x461.png 696w\" sizes=\"(max-width: 974px) 100vw, 974px\" \/><\/figure>\n\n\n\n<figure class=\"wp-block-image size-full\"><img decoding=\"async\" loading=\"lazy\" width=\"972\" height=\"797\" src=\"https:\/\/arttmodernmiami.com\/wp-content\/uploads\/2023\/11\/image-46.png\" alt=\"\" class=\"wp-image-3001\" srcset=\"https:\/\/arttmodernmiami.com\/wp-content\/uploads\/2023\/11\/image-46.png 972w, https:\/\/arttmodernmiami.com\/wp-content\/uploads\/2023\/11\/image-46-300x246.png 300w, https:\/\/arttmodernmiami.com\/wp-content\/uploads\/2023\/11\/image-46-768x630.png 768w, https:\/\/arttmodernmiami.com\/wp-content\/uploads\/2023\/11\/image-46-150x123.png 150w, https:\/\/arttmodernmiami.com\/wp-content\/uploads\/2023\/11\/image-46-696x571.png 696w\" sizes=\"(max-width: 972px) 100vw, 972px\" \/><\/figure>\n\n\n\n<p>S\u00f6ylemeden ge\u00e7emeyece\u011fim; maalesef sokaklar homeless (evsiz) ile dolu ve insanlar\u0131 bu halde g\u00f6rmek \u00e7ok \u00fcz\u00fcc\u00fc. Daha iyi bir d\u00fcnya umudu gelen ve kaybolmu\u015f, kay\u0131p ruhlar\u0131n aras\u0131nda ki tezatl\u0131\u011f\u0131 g\u00f6rmek insan\u0131 s\u0131cak havada bile donduruyor.<\/p>\n\n\n\n<p>Hava demi\u015fken, Florida\u2019ya g\u00f6re,&nbsp; bir t\u0131k daha so\u011fuk bir hava h\u00e2kim burada, ayr\u0131ca insan \u00e7e\u015fitlili\u011fi s\u0131n\u0131r\u0131n Meksika oldu\u011funu hissettiriyor.<\/p>\n\n\n\n<figure class=\"wp-block-image size-full\"><img decoding=\"async\" loading=\"lazy\" width=\"974\" height=\"520\" src=\"https:\/\/arttmodernmiami.com\/wp-content\/uploads\/2023\/11\/image-47.png\" alt=\"\" class=\"wp-image-3002\" srcset=\"https:\/\/arttmodernmiami.com\/wp-content\/uploads\/2023\/11\/image-47.png 974w, https:\/\/arttmodernmiami.com\/wp-content\/uploads\/2023\/11\/image-47-300x160.png 300w, https:\/\/arttmodernmiami.com\/wp-content\/uploads\/2023\/11\/image-47-768x410.png 768w, https:\/\/arttmodernmiami.com\/wp-content\/uploads\/2023\/11\/image-47-150x80.png 150w, https:\/\/arttmodernmiami.com\/wp-content\/uploads\/2023\/11\/image-47-696x372.png 696w\" sizes=\"(max-width: 974px) 100vw, 974px\" \/><\/figure>\n\n\n\n<p>Dikkatimi \u00e7eken bir ba\u015fka konu, San Diego\u2019nun, olduk\u00e7a pahal\u0131 olmas\u0131yd\u0131. \u015euana kadar gitti\u011fim \u00fclke ve eyalet say\u0131s\u0131&nbsp; (Amerika ve Avrupa) az de\u011fildir ve rahatl\u0131kla s\u00f6yl\u00fcyorum ki, yeme\u011fin en pahal\u0131 oldu\u011fu yer buras\u0131\u2026 \u00d6zellikle covid d\u00f6neminden sonra, ev fiyatlar\u0131n\u0131n olduk\u00e7a y\u00fckseldi\u011fini s\u00f6yledi bindi\u011fim taksi \u015fof\u00f6r\u00fc\u2026 Ev fiyatlar\u0131n\u0131n y\u00fckselmesinin bir di\u011fer sebebi de; \u015fehirdeki in\u015faat politikas\u0131n\u0131n kat\u0131 olmas\u0131ym\u0131\u015f. Bir San Diego severden duydu\u011fuma g\u00f6re ise, Homeless say\u0131s\u0131n\u0131n bu kadar fazla olmas\u0131n\u0131n sebebi, havan\u0131n yaz-k\u0131\u015f genellikle s\u0131cak olmas\u0131ym\u0131\u015f. G\u00f6\u00e7 d\u00fcnyan\u0131n her taraf\u0131nda olan bir ger\u00e7ek, g\u00f6\u00e7men olmak ve uyumlanmak ise bir nevi s\u0131rat- ge\u00e7i\u015f k\u00f6pr\u00fcs\u00fc. D\u00fc\u015fmeden, dengeli ilerlemek ger\u00e7ekten b\u00fcy\u00fck bir ba\u015far\u0131\u2026<\/p>\n\n\n\n<figure class=\"wp-block-image size-full\"><img decoding=\"async\" loading=\"lazy\" width=\"974\" height=\"492\" src=\"https:\/\/arttmodernmiami.com\/wp-content\/uploads\/2023\/11\/image-48.png\" alt=\"\" class=\"wp-image-3003\" srcset=\"https:\/\/arttmodernmiami.com\/wp-content\/uploads\/2023\/11\/image-48.png 974w, https:\/\/arttmodernmiami.com\/wp-content\/uploads\/2023\/11\/image-48-300x152.png 300w, https:\/\/arttmodernmiami.com\/wp-content\/uploads\/2023\/11\/image-48-768x388.png 768w, https:\/\/arttmodernmiami.com\/wp-content\/uploads\/2023\/11\/image-48-150x76.png 150w, https:\/\/arttmodernmiami.com\/wp-content\/uploads\/2023\/11\/image-48-696x352.png 696w\" sizes=\"(max-width: 974px) 100vw, 974px\" \/><\/figure>\n\n\n\n<figure class=\"wp-block-image size-large\"><img decoding=\"async\" loading=\"lazy\" width=\"752\" height=\"1024\" src=\"https:\/\/arttmodernmiami.com\/wp-content\/uploads\/2023\/11\/image-49-752x1024.png\" alt=\"\" class=\"wp-image-3004\" srcset=\"https:\/\/arttmodernmiami.com\/wp-content\/uploads\/2023\/11\/image-49-752x1024.png 752w, https:\/\/arttmodernmiami.com\/wp-content\/uploads\/2023\/11\/image-49-220x300.png 220w, https:\/\/arttmodernmiami.com\/wp-content\/uploads\/2023\/11\/image-49-768x1046.png 768w, https:\/\/arttmodernmiami.com\/wp-content\/uploads\/2023\/11\/image-49-150x204.png 150w, https:\/\/arttmodernmiami.com\/wp-content\/uploads\/2023\/11\/image-49-300x409.png 300w, https:\/\/arttmodernmiami.com\/wp-content\/uploads\/2023\/11\/image-49-696x948.png 696w, https:\/\/arttmodernmiami.com\/wp-content\/uploads\/2023\/11\/image-49.png 974w\" sizes=\"(max-width: 752px) 100vw, 752px\" \/><\/figure>\n\n\n\n<p>San Diego\u2019nun konumundan biraz bahsedersek; Kaliforniya\u2019n\u0131n g\u00fcneyinde ABD ile Meksika s\u0131n\u0131r\u0131nda bir sahil \u015fehri ve ABD\u2019nin 9. b\u00fcy\u00fck \u015fehriymi\u015f. \u015eehir, ticaret ve liman \u015fehri olarak, California eyaletini Meksika&#8217;ya ba\u011flayan bir k\u00f6pr\u00fc durumundad\u0131r. San Diego&#8217;yu Meksika&#8217;ya ba\u011flayan San Ysidro Bkorder d\u00fcnyan\u0131n en i\u015flek s\u0131n\u0131r kap\u0131s\u0131ym\u0131\u015f.<\/p>\n\n\n\n<p>\u015eehrin i\u00e7inde gezerken, halk\u0131n geneline bakt\u0131\u011f\u0131mda, Meksika \u2018l\u0131 n\u00fcfusun h\u00e2kim oldu\u011funu g\u00f6rd\u00fcm, restoranlarda da genellikle Meksika yemekleri h\u00e2kimdi. Kara kuru fasulyeler her yemekte kar\u015f\u0131ma \u00e7\u0131kt\u0131 ?<\/p>\n\n\n\n<p>San Diego\u2019nun tarihine bakt\u0131\u011f\u0131m\u0131zda; 1542 y\u0131l\u0131nda \u0130spanyollar taraf\u0131ndan ke\u015ffedildi\u011fini g\u00f6r\u00fcyoruz. San Diego ismini \u0130spanyollar\u0131n sahip oldu\u011fu, \u00fc\u00e7 ana ke\u015fif gemisinden biri olan \u201cSan Diego\u201d gemisinden alm\u0131\u015f. San Diego\u2019nun ilk kurulu\u015f tarihinden sonraki s\u00fcreci extra ilgimi \u00e7ekti a\u00e7\u0131s\u0131, \u00e7\u00fcnk\u00fc ambiyans\u0131nda vah\u015fi bat\u0131 d\u00f6nemlerini hat\u0131rlatan bir \u015feyler var, diye d\u00fc\u015f\u00fcnd\u00fc\u011f\u00fcm i\u00e7in tarihini daha da ara\u015ft\u0131rd\u0131m ?<\/p>\n\n\n\n<p>B\u00f6lge ilk kez 1542&#8217;de Portekizli macerac\u0131 Juan Rodriguez Cabrillo&#8217;nun \u0130spanyol bayra\u011f\u0131 alt\u0131nda yer alm\u0131\u015f ve sonras\u0131nda San Diego, 1769&#8217;da, Eski \u015eehir \u2018in \u015fu anki yerinde, uzun zamand\u0131r ilk \u0130spanyol misyonu olarak kurulmu\u015f. Her durumda, misyon sonunda Mission Valley&#8217;de be\u015f mil yukar\u0131 ak\u0131\u015fa ta\u015f\u0131nm\u0131\u015f. San Diego 1850 y\u0131l\u0131nda \u0130spanyollardan Meksikal\u0131lara ve Amerikal\u0131lar\u0131n ellerine ge\u00e7mi\u015ftir. Amerika\u2019n\u0131n y\u00f6nlendirmesiyle, bat\u0131ya do\u011fru geni\u015flemenin b\u00fcy\u00fck bir k\u0131sm\u0131 Kaliforniya\u2019da alt\u0131na h\u00fccum ve San Francisco&#8217;ya odaklan\u0131lm\u0131\u015f ve evet yan\u0131lmam\u0131\u015f\u0131m, vah\u015fi bat\u0131n\u0131n kalbindeyim ve alt\u0131n aray\u0131c\u0131lar\u0131n\u0131n geldi\u011fi topraklarday\u0131m \u270c fakat Amerikan etkilerinin San Diego&#8217;ya ula\u015fmas\u0131 gecikmi\u015f. Bu arada \u00fcnl\u00fc kanun adam\u0131 Wyat Earp San Diego \u2018da ya\u015fam\u0131\u015f!<\/p>\n\n\n\n<p>-Wyatt Earp, 1885-1887 y\u0131llar\u0131 aras\u0131nda San Diego&#8217;ya geldi ve 1896 gibi ge\u00e7 bir tarihe kadar burada kalm\u0131\u015f olabilir. Ona Tombstone, Arizona&#8217;da tan\u0131\u015ft\u0131\u011f\u0131 \u00fc\u00e7\u00fcnc\u00fc e\u015fi Josie e\u015flik ediyordu. O bir aktris ve muhtemelen bir dans salonu k\u0131z\u0131yd\u0131 ve 1929&#8217;daki \u00f6l\u00fcm\u00fcne kadar bir\u00e7ok seyahatinde ona e\u015flik etti. Korkusuz ve kararl\u0131 bir kanun adam\u0131 olarak \u00fcn\u00fc, Wichita ve Dodge City Kansas&#8217;ta, bat\u0131n\u0131n en vah\u015fi \u015fehirlerinden biri oldu\u011fu d\u00fc\u015f\u00fcn\u00fclen bu \u015fehirleri evcille\u015ftirmesiyle olu\u015ftu-<\/p>\n\n\n\n<figure class=\"wp-block-image size-full\"><img decoding=\"async\" loading=\"lazy\" width=\"974\" height=\"628\" src=\"https:\/\/arttmodernmiami.com\/wp-content\/uploads\/2023\/11\/image-50.png\" alt=\"\" class=\"wp-image-3005\" srcset=\"https:\/\/arttmodernmiami.com\/wp-content\/uploads\/2023\/11\/image-50.png 974w, https:\/\/arttmodernmiami.com\/wp-content\/uploads\/2023\/11\/image-50-300x193.png 300w, https:\/\/arttmodernmiami.com\/wp-content\/uploads\/2023\/11\/image-50-768x495.png 768w, https:\/\/arttmodernmiami.com\/wp-content\/uploads\/2023\/11\/image-50-150x97.png 150w, https:\/\/arttmodernmiami.com\/wp-content\/uploads\/2023\/11\/image-50-696x449.png 696w\" sizes=\"(max-width: 974px) 100vw, 974px\" \/><\/figure>\n\n\n\n<p>San Diego\u2019ya demiryolu on dokuzuncu y\u00fczy\u0131l\u0131n sonlar\u0131nda San Diego&#8217;ya ula\u015fm\u0131\u015f, \u015fehre ek geli\u015fme getirmi\u015f ve Downtown ve \u00e7evresindeki alanlar i\u00e7in zemin haz\u0131rlam\u0131\u015f. Yirminci y\u00fczy\u0131l\u0131n ortalar\u0131nda, Birle\u015fik Devletler Deniz Kuvvetleri San Diego&#8217;yu ke\u015ffetmi\u015f ve 1907&#8217;de Point Loma&#8217;da bir k\u00f6m\u00fcr k\u00f6m\u00fcr\u00fc istasyonu kurmu\u015f. On y\u0131l sonra, Coronado Adas\u0131&#8217;ndaki Deniz Hava \u00dcss\u00fc in\u015fa edilmi\u015f ve Donanma daha sonra ayr\u0131lmaz bir \u015fekilde \u00f6nemli bir rol oynam\u0131\u015f \u015fehrin ekonomisinde. Bug\u00fcn San Diego, Donanma Pasifik Filosuna ev sahipli\u011fi yap\u0131yor ve denizciler i\u00e7in pop\u00fcler bir tatil yeri.<\/p>\n\n\n\n<figure class=\"wp-block-image size-full\"><img decoding=\"async\" loading=\"lazy\" width=\"974\" height=\"722\" src=\"https:\/\/arttmodernmiami.com\/wp-content\/uploads\/2023\/11\/image-51.png\" alt=\"\" class=\"wp-image-3006\" srcset=\"https:\/\/arttmodernmiami.com\/wp-content\/uploads\/2023\/11\/image-51.png 974w, https:\/\/arttmodernmiami.com\/wp-content\/uploads\/2023\/11\/image-51-300x222.png 300w, https:\/\/arttmodernmiami.com\/wp-content\/uploads\/2023\/11\/image-51-768x569.png 768w, https:\/\/arttmodernmiami.com\/wp-content\/uploads\/2023\/11\/image-51-150x111.png 150w, https:\/\/arttmodernmiami.com\/wp-content\/uploads\/2023\/11\/image-51-485x360.png 485w, https:\/\/arttmodernmiami.com\/wp-content\/uploads\/2023\/11\/image-51-696x516.png 696w\" sizes=\"(max-width: 974px) 100vw, 974px\" \/><\/figure>\n\n\n\n<p>San Diego\u2019nun bitki \u00f6rt\u00fcs\u00fc de olduk\u00e7a ilgin\u00e7! \u00c7ok g\u00fczel kakt\u00fcsler ve daha \u00f6nce hi\u00e7 g\u00f6rmedi\u011fim b\u00fcy\u00fckl\u00fckte skulent \u00e7i\u00e7ek ve bitkilere rastlad\u0131m.<\/p>\n\n\n\n<p>Meksika\u2019da ve San Diego\u2019da s\u0131kl\u0131kla kuru kafa fig\u00fcr\u00fc ile kar\u015f\u0131la\u015fabilirsiniz. Kuru kafa ile ilgili bir\u00e7ok hediyelik e\u015fya yap\u0131lm\u0131\u015f. Baz\u0131lar\u0131 \u00e7ok g\u00f6steri\u015fliydi. Peki, nedir bu kuru kafalar\u0131n \u00f6zelli\u011fi? Dia de los muertos\u2026 Yani k\u00f6k\u00fc Azteklere dayanan bir \u201c\u00f6l\u00fcm bayram\u0131\u201d an\u0131s\u0131na yap\u0131l\u0131yormu\u015f bu kuru kafalar. 1-2 Kas\u0131m\u2019da kutlanan bayram Cad\u0131lar bayram\u0131 gibi bir etkinlik. Ayr\u0131ca \u00f6l\u00fcm\u00fc hat\u0131rlat\u0131p an\u0131 ya\u015famay\u0131 hat\u0131rlatt\u0131\u011f\u0131na inand\u0131klar\u0131 i\u00e7in bu kuru kafalar\u0131 her d\u00f6nem sergilemekten de \u00e7ekinmiyorlar. Reng\u00e2renk ve \u00e7ok g\u00fczel desenlerde boyuyorlar. \u015eahsen beni \u00fcrk\u00fcten bir obje, k\u00fclt\u00fcrler aras\u0131 bir farkl\u0131l\u0131k \u00f6rne\u011fi diyebiliriz buna!<\/p>\n\n\n\n<p>\u00d6zellikle ak\u015famlar\u0131 konserler ve canl\u0131 m\u00fczik programlar\u0131 yap\u0131l\u0131yor restoranlarda, hatta otelim en merkezi yerde olmu\u015f olmal\u0131 ki, her gece parti ve m\u00fczik sesinden, uykumdan uyan\u0131p bir kova su d\u00f6kme fantezisi kurmad\u0131m desem yalan olur \u201cHadi yeter art\u0131k, da\u011f\u0131l\u0131n!\u201d diyerekten ?<\/p>\n\n\n\n<figure class=\"wp-block-image size-full\"><img decoding=\"async\" loading=\"lazy\" width=\"974\" height=\"1022\" src=\"https:\/\/arttmodernmiami.com\/wp-content\/uploads\/2023\/11\/image-52.png\" alt=\"\" class=\"wp-image-3007\" srcset=\"https:\/\/arttmodernmiami.com\/wp-content\/uploads\/2023\/11\/image-52.png 974w, https:\/\/arttmodernmiami.com\/wp-content\/uploads\/2023\/11\/image-52-286x300.png 286w, https:\/\/arttmodernmiami.com\/wp-content\/uploads\/2023\/11\/image-52-768x806.png 768w, https:\/\/arttmodernmiami.com\/wp-content\/uploads\/2023\/11\/image-52-150x157.png 150w, https:\/\/arttmodernmiami.com\/wp-content\/uploads\/2023\/11\/image-52-300x315.png 300w, https:\/\/arttmodernmiami.com\/wp-content\/uploads\/2023\/11\/image-52-696x730.png 696w\" sizes=\"(max-width: 974px) 100vw, 974px\" \/><\/figure>\n\n\n\n<p>Yaz\u0131m\u0131n sonuna gelirken akl\u0131ma gelen bir karikat\u00fcr\u00fc payla\u015fmak istiyorum sizinle: \u201cMutluluk benim i\u00e7imde, \u00e7\u00fcnk\u00fc onu yedim \u201c diyor karikat\u00fcrde ki olduk\u00e7a iri yap\u0131da ki kad\u0131n\u2026 Mutlulu\u011fu ararken, l\u00fctfen kendimizden \u00f6d\u00fcn vermeyelim, her k\u00f6\u015feden burnuma gelen ot kokusu, burnumu mandalla k\u0131st\u0131rma iste\u011fi uyand\u0131r\u0131rken d\u00fc\u015f\u00fcnd\u00fcklerim\u2026 Ya\u015f\u0131m ilerledik\u00e7e mi b\u00f6yleyim, yoksa her bahar m\u0131 ben b\u00f6yleyim? ? Bilmiyorum, kimseyi de ilgilendirmez zaten, neden b\u00f6yle oldu\u011fumun ama d\u00fc\u015f\u00fcncelerim bunlar\u2026 Sahte mutluluklar de\u011fil, i\u00e7imizden gelmeli o duygu, karikat\u00fcr deki kad\u0131n gibi.<\/p>\n\n\n\n<figure class=\"wp-block-image size-full\"><img decoding=\"async\" loading=\"lazy\" width=\"974\" height=\"648\" src=\"https:\/\/arttmodernmiami.com\/wp-content\/uploads\/2023\/11\/image-53.png\" alt=\"\" class=\"wp-image-3008\" srcset=\"https:\/\/arttmodernmiami.com\/wp-content\/uploads\/2023\/11\/image-53.png 974w, https:\/\/arttmodernmiami.com\/wp-content\/uploads\/2023\/11\/image-53-300x200.png 300w, https:\/\/arttmodernmiami.com\/wp-content\/uploads\/2023\/11\/image-53-768x511.png 768w, https:\/\/arttmodernmiami.com\/wp-content\/uploads\/2023\/11\/image-53-150x100.png 150w, https:\/\/arttmodernmiami.com\/wp-content\/uploads\/2023\/11\/image-53-696x463.png 696w\" sizes=\"(max-width: 974px) 100vw, 974px\" \/><\/figure>\n\n\n\n<p>Bakar m\u0131s\u0131n\u0131z? Bir San Diego bizi nerelere g\u00f6t\u00fcrd\u00fc? Peki, siz seyahat ederken neler d\u00fc\u015f\u00fcn\u00fcyorsunuz? Payla\u015f\u0131n bizimle\u2026<\/p>\n\n\n\n<p>Bir sonraki yaz\u0131da g\u00f6r\u00fc\u015fmek dile\u011fiyle<\/p>\n\n\n\n<p>Tu\u011fba Yaz\u0131c\u0131<\/p>\n\n\n\n<p>Sanat\u00e7\u0131<\/p>\n\n\n\n<p>instagram: tugbayaziciofficial<\/p>\n\n\n\n<p>Facebook: Tugba Yazici<\/p>\n\n\n\n<p>Kaynak: San Diego Tarih Merkezi<\/p>\n","protected":false},"excerpt":{"rendered":"<p>Herkese merhabalar, Bu sat\u0131rlar\u0131 size San Diego\u2019dan yaz\u0131yorum. Art San Diego i\u00e7in, 4 g\u00fcnl\u00fck bir seyahate \u00e7\u0131kt\u0131m, bilmeyenler i\u00e7in s\u00f6yleyeyim, sanat\u00e7\u0131y\u0131m. Art San Diego\u2019da uluslararas\u0131 kat\u0131ld\u0131\u011f\u0131m fuarlardan bir tanesi\u2026&nbsp; \u015eimdi yazaca\u011f\u0131m yaz\u0131mda sizlerle San Diego\u2019nun havas\u0131ndan, ambiyans\u0131ndan, tarihinden ve hatta ekonomisinden bahsedece\u011fim, biraz kritik yapmaya var m\u0131s\u0131n\u0131z? Bug\u00fcn kat\u0131ld\u0131\u011f\u0131m sanat fuar\u0131n\u0131n son g\u00fcn\u00fc ve ger\u00e7ekten [&hellip;]<\/p>\n","protected":false},"author":4,"featured_media":2986,"comment_status":"open","ping_status":"open","sticky":false,"template":"","format":"standard","meta":[],"categories":[68],"tags":[99,75,31,43,62],"translation":{"provider":"WPGlobus","version":"3.0.0","language":"tr","enabled_languages":["en","tr"],"languages":{"en":{"title":true,"content":true,"excerpt":false},"tr":{"title":true,"content":true,"excerpt":false}}},"_links":{"self":[{"href":"https:\/\/arttmodernmiami.com\/tr\/wp-json\/wp\/v2\/posts\/2985"}],"collection":[{"href":"https:\/\/arttmodernmiami.com\/tr\/wp-json\/wp\/v2\/posts"}],"about":[{"href":"https:\/\/arttmodernmiami.com\/tr\/wp-json\/wp\/v2\/types\/post"}],"author":[{"embeddable":true,"href":"https:\/\/arttmodernmiami.com\/tr\/wp-json\/wp\/v2\/users\/4"}],"replies":[{"embeddable":true,"href":"https:\/\/arttmodernmiami.com\/tr\/wp-json\/wp\/v2\/comments?post=2985"}],"version-history":[{"count":2,"href":"https:\/\/arttmodernmiami.com\/tr\/wp-json\/wp\/v2\/posts\/2985\/revisions"}],"predecessor-version":[{"id":3011,"href":"https:\/\/arttmodernmiami.com\/tr\/wp-json\/wp\/v2\/posts\/2985\/revisions\/3011"}],"wp:featuredmedia":[{"embeddable":true,"href":"https:\/\/arttmodernmiami.com\/tr\/wp-json\/wp\/v2\/media\/2986"}],"wp:attachment":[{"href":"https:\/\/arttmodernmiami.com\/tr\/wp-json\/wp\/v2\/media?parent=2985"}],"wp:term":[{"taxonomy":"category","embeddable":true,"href":"https:\/\/arttmodernmiami.com\/tr\/wp-json\/wp\/v2\/categories?post=2985"},{"taxonomy":"post_tag","embeddable":true,"href":"https:\/\/arttmodernmiami.com\/tr\/wp-json\/wp\/v2\/tags?post=2985"}],"curies":[{"name":"wp","href":"https:\/\/api.w.org\/{rel}","templated":true}]}}