{"id":2800,"date":"2023-10-04T15:09:10","date_gmt":"2023-10-04T12:09:10","guid":{"rendered":"https:\/\/arttmodernmiami.com\/?p=2800"},"modified":"2023-10-04T22:00:17","modified_gmt":"2023-10-04T19:00:17","slug":"life-decisions-in-sardinia","status":"publish","type":"post","link":"https:\/\/arttmodernmiami.com\/tr\/2800\/life-decisions-in-sardinia\/","title":{"rendered":"Sardunya&#8217;da ya\u015fam kararlar\u0131;"},"content":{"rendered":"\n<figure class=\"wp-block-image size-large is-resized\"><img decoding=\"async\" loading=\"lazy\" src=\"https:\/\/arttmodernmiami.com\/wp-content\/uploads\/2023\/10\/image-6-876x1024.png\" alt=\"\" class=\"wp-image-2788\" width=\"360\" height=\"457\"\/><\/figure>\n\n\n\n<p>E\u011fer benim okuyucumsan\u0131z, son bir senedir bitmeyen kaotik hayat\u0131m hakk\u0131nda hemen hemen g\u00fcncel bilgilere sahip olmu\u015fsunuzdur. Hen\u00fcz benim okuyucular\u0131mdan de\u011filseniz eski makalelerime d\u00f6n\u00fcp aray\u0131 kapatsan\u0131z iyi olur, \u00e7\u00fcnk\u00fc hik\u00e2yenin nerede ba\u015flad\u0131\u011f\u0131n\u0131 bilmiyorsan\u0131z bundan sonra ne olaca\u011f\u0131n\u0131 takip etmeniz biraz zor olacak. \u0130nan\u0131n bundan sonras\u0131 i\u00e7in ya\u015fanmay\u0131 ve yaz\u0131lmay\u0131 bekleyen bir macera var\u2026 K\u0131sa bir \u00f6zet yapmak gerekirse Aral\u0131k 2022&#8217;den bu yana su bask\u0131n\u0131 ve buna ba\u011fl\u0131 bitmek bilmeyen bir k\u00e2bus gibi sorunlarla u\u011fra\u015f\u0131yoruz, merak ediyorsan\u0131z geriye gidin ve okumaya ba\u015flay\u0131n.<\/p>\n\n\n\n<p>Zaman ge\u00e7tik\u00e7e (9 ay dile kolay) ve in\u015faat hi\u00e7 bitmemeye karar verince\u2026 \u201cMerve Bay\u0131nd\u0131r\u201d markas\u0131n\u0131n kuruldu\u011fu y\u0131ldan bu yana ilk kez annemle birlikte 15 g\u00fcn tatil yapmaya karar verdik.<\/p>\n\n\n\n<figure class=\"wp-block-image size-full\"><img decoding=\"async\" loading=\"lazy\" width=\"972\" height=\"735\" src=\"https:\/\/arttmodernmiami.com\/wp-content\/uploads\/2023\/10\/image-9.png\" alt=\"\" class=\"wp-image-2791\" srcset=\"https:\/\/arttmodernmiami.com\/wp-content\/uploads\/2023\/10\/image-9.png 972w, https:\/\/arttmodernmiami.com\/wp-content\/uploads\/2023\/10\/image-9-300x227.png 300w, https:\/\/arttmodernmiami.com\/wp-content\/uploads\/2023\/10\/image-9-768x581.png 768w, https:\/\/arttmodernmiami.com\/wp-content\/uploads\/2023\/10\/image-9-150x113.png 150w, https:\/\/arttmodernmiami.com\/wp-content\/uploads\/2023\/10\/image-9-696x526.png 696w\" sizes=\"(max-width: 972px) 100vw, 972px\" \/><\/figure>\n\n\n\n<p>Evet, i\u015fkolik oldu\u011fumuzu biliyorum ama biz bunu san\u0131r\u0131m seviyoruz. Biz de bu tatili karde\u015fim ve iki ye\u011fenim (4 ve 5) ile yapmaya karar verdik. Bu da yetmezmi\u015f gibi bir de otelde kalmama karar\u0131 ald\u0131k.<\/p>\n\n\n\n<p>Evet, ne d\u00fc\u015f\u00fcnd\u00fc\u011f\u00fcn\u00fcz\u00fc biliyorum, en az\u0131ndan benim gibi az\u0131c\u0131k l\u00fcks sevenler, yani yatt\u0131\u011f\u0131 yerde birisi Mojito getirirken kumsalda uzanmay\u0131 sevenler, tercihen \u00e7ocuk g\u00fcr\u00fclt\u00fcs\u00fc olmadan. Hemen delirmeyin \u015fimdi \u00e7ocuk sesi dedim diye. \u00c7ocuklar\u0131 \u00e7ok seviyorum hatta onlarla vakit ge\u00e7irmeyi o kadar seviyorum ki bir anaokuluyla (g\u00f6n\u00fcll\u00fc olarak) i\u015fbirli\u011fi yap\u0131yorum, sadece bu da de\u011fil san\u0131r\u0131m her kom\u015fumun \u00e7ocu\u011fu beni seviyor \u00e7\u00fcnk\u00fc onlarla konu\u015fuyorum ve \u015fakala\u015f\u0131yorum. Daha da \u00f6nemlisi onlara ve d\u00fcr\u00fcstl\u00fcklerine sayg\u0131 duyuyorum. Ancak bana g\u00f6re 12 y\u0131l\u0131 a\u015fk\u0131n bir s\u00fcre de ilk ger\u00e7ek tatilimiz huzuru hak ediyor\u2026 Anla\u015f\u0131lmaz sebeplerden dolay\u0131 karavanc\u0131 olmaya karar veren ve bu konuda \u00e7ok heyecanl\u0131 karde\u015fim, bu kez bizi kamp alanlar\u0131nda tatil yapmaya davet ediyor (fakat \u0131srar etmiyor). Adan\u0131n farkl\u0131 yerlerinde kalabilme imk\u00e2n\u0131, ek olarak karavana bir de tabi fiyatlar\u0131 daha uygundu vs. vs. gibi sebeplerle bizde bu tuza\u011fa d\u00fc\u015f\u00fcyoruz. Tabi bunda Sardunya adas\u0131n\u0131 \u00e7ok g\u00f6rmeyi istememizde b\u00fcy\u00fck etken oldu.<\/p>\n\n\n\n<p>Sonu\u00e7 olarak, bu maceraya onay verdik. Hay\u0131r, efendim hay\u0131r, karavanda kalmad\u0131k. Sardunya&#8217;daki \u00e7o\u011fu kamp alan\u0131nda bungalovlar veya konteyner evleri var, burada \u00e7o\u011funlukla \u0130talyanlar, baz\u0131 Almanlar ve Frans\u0131zlar kal\u0131yor, \u00e7\u00fcnk\u00fc bu sitelere araba olmadan gitmenin hi\u00e7bir yolu yok, bu bir \u015faka de\u011fil. \u0130tiraf etmeliyim ki, bu tatil konusunda karde\u015fim bizden daha \u00e7ok korkmu\u015ftu. Biraz l\u00fcksten ho\u015fland\u0131\u011f\u0131m\u0131z\u0131 biliyor ama bilmedi\u011fi konu, yeni \u015feyler deneyimlemeyi de seviyoruz. Ayr\u0131ca \u0130talya da g\u00f6rmedi\u011fim tek t\u00fck noktalardan birisi buras\u0131, sonu\u00e7ta seneler i\u00e7inde art\u0131k ikinci evim haline geldi veya \u00fc\u00e7\u00fcnc\u00fc veya d\u00f6rd\u00fcnc\u00fc evim gibi, o kadar \u00e7ok ta\u015f\u0131nd\u0131m ki\u2026<\/p>\n\n\n\n<p>Neyse, son dakika yap\u0131lan yer aramalar\u0131n\u0131n ard\u0131ndan hem konteyner ev hem de kamp alan\u0131 bulunan iki uygun yer bulduk. Biri adan\u0131n g\u00fcney do\u011fu taraf\u0131nda, di\u011feri ise g\u00fcneyinde Calgari&#8217;ye (Sardunya&#8217;n\u0131n ana \u015fehri) yak\u0131nd\u0131. Plan\u0131n ilk k\u0131sm\u0131 Milano&#8217;ya u\u00e7mam\u0131z, karde\u015fimin bizi almas\u0131 ve ertesi g\u00fcn hep birlikte Sardunya&#8217;ya u\u00e7mam\u0131zd\u0131. San\u0131r\u0131m tatilin planland\u0131\u011f\u0131 gibi giden tek k\u0131sm\u0131 bu oldu.<\/p>\n\n\n\n<p>Ben, biraz planlama ve birazda kontrol manya\u011f\u0131 olabilirim. S\u0131rada ne olaca\u011f\u0131n\u0131 bilmem gerekiyor ve hayattaki s\u00fcrprizler i\u00e7in yeterli donan\u0131ma sahip de\u011filim, a\u00e7\u0131k\u00e7as\u0131 bu y\u0131l tamamen hayat \u00fczerinde s\u0131f\u0131r kontrolle nas\u0131l ba\u015fa \u00e7\u0131k\u0131laca\u011f\u0131m\u0131 \u00f6\u011frenmemle ilgiliydi. Yani benim i\u00e7in i\u015flerin sorunsuz ilerlemesi, do\u011fru planlama dolay\u0131s\u0131 ile kolay ilerlemesi \u00e7ok \u00f6nemli. Her \u015feyin kontrol edilemeyece\u011fini ve bir s\u00fcr\u00fc aksilik olaca\u011f\u0131n\u0131 kabul ediyorum ama haz\u0131rl\u0131kl\u0131 olmak en iyisi de\u011fil mi? Tabii ne olursa olsun hi\u00e7 haz\u0131rlanamad\u0131\u011f\u0131n \u015feylerde oluyormu\u015f.<\/p>\n\n\n\n<p>Neyse, \u015fu kafam\u0131n i\u00e7inden \u00e7\u0131k\u0131p Sardunya&#8217;ya geri d\u00f6nelim. B\u00f6ylece iki uslu ye\u011fenimle birlikte Milano&#8217;dan Calgary&#8217;ye u\u00e7tuk, yani en az\u0131ndan u\u00e7akta, \u00e7\u00fcnk\u00fc geri kalan s\u00fcrecin i\u00e7inde, yerinde asla duramad\u0131klar\u0131n\u0131 ve hakk\u0131nda daha fazla \u015fey duyaca\u011f\u0131m\u0131z, avengers ve transformers tak\u0131nt\u0131l\u0131 ye\u011fenlerim oldu\u011funu s\u00f6ylemeliyim. Bunlar hik\u00e2yelerin bir sonraki k\u0131sm\u0131. Ancak \u015funu s\u00f6yleyebilirim ki, Allah t\u00fcm ebeveynlerimizi korusun, \u00e7\u00fcnk\u00fc bizi tabletsiz nas\u0131l yeti\u015ftirdiler bilmiyorum.<\/p>\n\n\n\n<p>Sonu\u00e7ta u\u00e7aktan iniyoruz ve bizi karde\u015fimin karavan\u0131n\u0131n oldu\u011fu otoparka g\u00f6t\u00fcrmek i\u00e7in bekleyen bir minib\u00fcs var. G\u00fcncellenmi\u015f ekipmanlara sahip, 70&#8217;li veya 80&#8217;li y\u0131llar\u0131n karavanlar\u0131ndan biri ile kar\u015f\u0131 kar\u015f\u0131yay\u0131z. \u00d6n koltu\u011fun \u00fcst\u00fcnde bir adet \u00e7ift ki\u015filik yatak, arka tarafta iki adet tek ki\u015filik yatak var. D\u00f6rt ki\u015filik bir yemek alan\u0131 ve k\u00fc\u00e7\u00fck bir banyo ve milyonlarca dolap bulunuyor. \u0130lk defa bir karavana bindi\u011fimi s\u00f6ylememe gerek var m\u0131? Sonu\u00e7 net bir \u015fekilde asla bana g\u00f6re oldu\u011funu d\u00fc\u015f\u00fcnm\u00fcyorum, ancak baz\u0131 insanlar\u0131n bundan neden ho\u015fland\u0131\u011f\u0131n\u0131 anlayabiliyorum.<\/p>\n\n\n\n<p>Karavana biniyoruz ve ilk i\u015f olarak yiyecek ve ekstra ekipman al\u0131\u015fveri\u015fine \u00e7\u0131k\u0131yoruz. Etrafta ko\u015fu\u015fturan iki \u00e7\u0131lg\u0131n \u00e7ocukla hi\u00e7 p\u00fcr\u00fczs\u00fcz de\u011fildi ama Baci&#8217;yi (sonunda k\u00fc\u00e7\u00fck ye\u011fenimle payla\u015fmak zorunda kald\u0131\u011f\u0131m en sevdi\u011fim \u00e7ikolata) almak baya keyifli (evet her yerde sat\u0131ld\u0131\u011f\u0131n\u0131 bende biliyorum, ama nas\u0131l rak\u0131 asla T\u00fcrkiye\u2019deki kadar lezzetli de\u011filse Baci\u2019de hi\u00e7bir yerde \u0130talya\u2019da oldu\u011fu kadar lezzetli de\u011fil). Haz\u0131rl\u0131klar tamamlan\u0131nca buradan ilk kamp alan\u0131na do\u011fru yola \u00e7\u0131k\u0131yoruz.<\/p>\n\n\n\n<figure class=\"wp-block-image size-full is-resized\"><img decoding=\"async\" loading=\"lazy\" src=\"https:\/\/arttmodernmiami.com\/wp-content\/uploads\/2023\/10\/image-8.png\" alt=\"\" class=\"wp-image-2790\" width=\"863\" height=\"1198\"\/><\/figure>\n\n\n\n<p>G\u00fcya buras\u0131, Calgary kamp alan\u0131na yak\u0131n bir yerdi\u2026 Oraya varmam\u0131z neredeyse 6 saat gibi bir zaman ald\u0131. Bir karavan\u0131n arkas\u0131nda oturmak ne kadar zormu\u015f, bu kadar sallant\u0131 her \u015feye zarar diyorum o kadar, \u00f6zellikle de o bitmeye da\u011f yollar\u0131n\u0131n o kadar k\u0131vr\u0131ml\u0131 oldu\u011fu ger\u00e7e\u011fi de eklenince yanlamas\u0131na giden bir sal\u0131ncaktas\u0131n\u0131z. B\u00fct\u00fcn bunlara ra\u011fmen \u0131ss\u0131z Akdeniz da\u011flar\u0131n\u0131n manzaras\u0131 ve Londra&#8217;daki so\u011fuk yaz mevsiminin ard\u0131ndan gelen s\u0131cakl\u0131k, sanki evinizdeymi\u015fsiniz gibi hissettiriyor. T\u00fcm bu g\u00fczelliklerin yan\u0131nda bir de Flamingolar\u2026 Evet, Sardunya&#8217;n\u0131n Flamingolar\u0131n\u0131n da evi oldu\u011funu b\u00f6ylece \u00f6\u011frendim. Ye\u011fenlerimin uyumamam i\u00e7in ellerinden gelenin en iyisini yapmalar\u0131na ra\u011fmen uyuyakald\u0131m, asl\u0131nda iyide oldu uykumun aras\u0131nda annem ve karde\u015fimin, karanl\u0131kta s\u00fcr\u00fc\u015f deneyimsizli\u011fi nedeniyle t\u00fcm araba ve kamp\u00e7\u0131lar zincirini bloke eden ve \u00f6n\u00fcm\u00fczde duran bu s\u00fcr\u00fcc\u00fc ile ilgili s\u00f6ylenmelerini atlama \u015fans\u0131m oldu, ah bu k\u0131vr\u0131ml\u0131 da\u011f yollar\u0131\u2026<\/p>\n\n\n\n<p>Kamp\u00e7\u0131lar diyar\u0131na geliyorsunuz, giri\u015finizi yap\u0131yorsunuz ve bir golf arabas\u0131 karavan\u0131 sizi kendi b\u00f6lgesine g\u00f6t\u00fcr\u00fcyor, s\u0131ra s\u0131ra a\u011fa\u00e7lar var ve aralar\u0131nda karavanlar ve \u00e7ad\u0131rlar i\u00e7in alanlar var, k\u00fc\u00e7\u00fck bir \u015fehir gibi d\u00fczenlenmi\u015f. Daha sonra ayn\u0131 golf arabas\u0131 sizi yakla\u015f\u0131k 150-200 metre uzakl\u0131ktaki kalaca\u011f\u0131m\u0131z eve g\u00f6t\u00fcr\u00fcyor. Baz\u0131lar\u0131n\u0131n karavanlar\u0131, baz\u0131lar\u0131n\u0131n k\u00fc\u00e7\u00fck \u00e7ad\u0131rlar\u0131 var, baz\u0131lar\u0131nda da a\u00e7\u0131klanamaz \u015fekilde geni\u015f \u00e7ad\u0131r ve karavan kar\u0131\u015f\u0131m\u0131, bah\u00e7e \u0131\u015f\u0131klar\u0131 da d\u00e2hil, bir tatil evinde sahip oldu\u011funuz her \u015feylerin oldu\u011fu alanlar\u0131 var. \u00c7ok \u00e7ok \u00e7ok temiz du\u015f odalar\u0131n\u0131n yan\u0131 s\u0131ra ayn\u0131 temizlikte tuvaletler var. Barbek\u00fc alan\u0131, iyi yemek yapmayan k\u00fc\u00e7\u00fck bir restoran ve mix i\u00e7ecek servisi yapamayan bir bar var, ama k\u0131saca iki yapam\u0131yorlar \u00e7\u00fcnk\u00fc bilmiyorlar. Ama zaten hi\u00e7birine ger\u00e7ekten ihtiyac\u0131n\u0131z yok.<\/p>\n\n\n\n<p>Evimizde iki yatak odas\u0131, bir banyo, bir yemek ve mutfak alan\u0131 ve \u00f6n veranda bulunmaktad\u0131r. B\u00fct\u00fcn evler birbirini g\u00f6rebiliyor ama yine de mahremiyetleri var. Asl\u0131nda bu k\u00fc\u00e7\u00fck evden olduk\u00e7a etkilendim \u00e7\u00fcnk\u00fc san\u0131r\u0131m beklentilerim ger\u00e7ekten yerlerde s\u00fcr\u00fcn\u00fcyordu. Bu uzun yolculuk sonunda yerle\u015fiyoruz ve herkes yata\u011f\u0131na gidiyor. Ertesi sabah, kaotik bir an\u0131n ard\u0131ndan kahvalt\u0131lar\u0131n bizim yerimizde yap\u0131laca\u011f\u0131n\u0131 anl\u0131yoruz, tabi sonunda ak\u015fam yemeklerinin de\u2026 G\u00fczel bir yaz kahvalt\u0131s\u0131, s\u0131cakl\u0131\u011f\u0131n biraz azalmas\u0131n\u0131 bekleme ve i\u015fte i\u015fin en g\u00fczel k\u0131sm\u0131 geliyor, kendi halinde insanlar\u0131n oldu\u011fu \u00e7ok ilkel bir kumsal. \u0130nsanlar\u0131n kendi \u015femsiyeleri ve e\u011flence malzemeleri ve muhte\u015fem bir deniz var. Su s\u0131cak, cam kadar berrak, pek \u00e7ok \u00e7ocuk var ama \u00e7\u0131\u011fl\u0131k yok, etkileyici ve huzurlu. \u00c7ok sakin bir deniz, yine belirtiyim s\u0131cak bir deniz. Yani \u00fczg\u00fcn\u00fcm ama ger\u00e7ekten so\u011fuk suda yapam\u0131yorum ve ayr\u0131ca \u015funu de eklemek istiyorum okyanus deniz de\u011fil ve asla y\u00fczmek i\u00e7in oldu\u011funu d\u00fc\u015f\u00fcnm\u00fcyorum. Okyanusu ger\u00e7ekten sevmedi\u011fimi de bir kere daha anlad\u0131m\u2026<\/p>\n\n\n\n<p>Neyse ikinci g\u00fcn deniz o kadar da d\u00fcz de\u011fildi ama biz \u0130stanbulluyuz ve \u015eile diye bir yer var ve dalgalarla nas\u0131l ba\u015fa \u00e7\u0131kaca\u011f\u0131m\u0131z\u0131, dalgalar\u0131n sadece \u00fcstesinden gelmekle kalmay\u0131p tad\u0131n\u0131 \u00e7\u0131karmay\u0131 da biliyoruz. Sade b\u00fcy\u00fck dalgalar, miniklerin kendi ba\u015flar\u0131na suya girmelerine izin verilemeyece\u011fi anlam\u0131na geldi, bu da benim de onlarla birlikte dalgalarla bo\u011fu\u015fmam gerekti\u011fi anlam\u0131na geliyordu ve tabi babaannenin de. G\u00f6r\u00fcn\u00fc\u015fe g\u00f6re kendilerini g\u00fcvende hissettiklerinde ve birisinin elini tutaca\u011f\u0131n\u0131 bildiklerinde, dalgalar taraf\u0131ndan bir taraftan di\u011ferine savrulmaktan da ger\u00e7ekten keyif al\u0131yorlar. Biz ise tabi ki \u00e7arp\u0131lm\u0131\u015fa d\u00f6nd\u00fck.<\/p>\n\n\n\n<p>\u0130lk hafta boyunca karde\u015fim \u00e7o\u011funlukla \u00e7al\u0131\u015f\u0131yordu ve ye\u011fenlerimle bol bol kendimize \u00f6zel zaman ge\u00e7irme f\u0131rsat\u0131 bulduk. Geceleri \u0131\u015f\u0131k kirlili\u011fi olmad\u0131\u011f\u0131ndan g\u00f6ky\u00fcz\u00fcnde milyonlarca y\u0131ld\u0131z g\u00f6rebiliyorsunuz. Geceler ufak tefek kahkahalar ve m\u00fczik haricinde sessizlik i\u00e7inde. Birka\u00e7 g\u00fcn i\u00e7inde t\u00fcm kamp\u00e7\u0131lar birbirine a\u015fina olu\u015fundan \u00f6t\u00fcr\u00fc son derece g\u00fcvenli. Gizlili\u011fimi sevdi\u011fim i\u00e7in buradaki a\u015fina k\u0131sm\u0131n\u0131n alt\u0131n\u0131 \u00e7izmek istiyorum. Tatilde yeni insanlarla tan\u0131\u015fmay\u0131 ve arkada\u015fl\u0131klar kurmay\u0131 ger\u00e7ekten sevmiyorum. Al\u0131nmay\u0131n.<\/p>\n\n\n\n<p>Ye\u011fenlerimle tekrarlanan \u015fekilde g\u00fcre\u015f, onlar i\u00e7in biraz T\u00fcrk\u00e7e, benim i\u00e7in de biraz \u0130talyanca antrenman\u0131, ge\u00e7en hafta d\u00fckk\u00e2n\u0131mdaki ev sahibimden ve avukat\u0131m\u0131zdan gelen birer telefonla kapand\u0131. Hi\u00e7 bitmeyen in\u015faat\u0131n nedeni, kimsenin baz\u0131 \u015feylere ve fiyatlara karar verememesi ve binan\u0131n yap\u0131s\u0131 oldu\u011fu i\u00e7in benim hi\u00e7bir \u015fey yapamamamd\u0131 dolay\u0131s\u0131 ile bana beklemek d\u00fc\u015f\u00fcyordu. 9 ay hi\u00e7bir \u015fey yapmayan ev sahibim tam ben tatildeyken yep yeni bir ekip tutmaya karar verdi. D\u00fc\u015f\u00fcn\u00fcn ki su vanalar\u0131n\u0131n nerede oldu\u011funu dahi bilmiyor\u2026 Di\u011feri ise sigortan\u0131n in\u015faat\u0131n sorumlulu\u011funu kabul etmedi\u011fi ve bunun i\u00e7in ev sahibini su\u00e7lad\u0131\u011f\u0131n\u0131 bize bildiren avukat\u0131m\u0131zd\u0131\u2026 Aylard\u0131r i\u015fleri erteleyerek yeti\u015fmeye \u00e7al\u0131\u015f\u0131p, her hafta hayatta kalman\u0131n yeni yollar\u0131n\u0131 bulurken ald\u0131\u011f\u0131m haberlerle ruhum parampar\u00e7a oldu.<\/p>\n\n\n\n<p>G\u00fczel bir kumsalda, u\u00e7suz bucaks\u0131z denize bakarken elimde telefon ve a\u011fl\u0131yorum\u2026 B\u00fcy\u00fck ye\u011fenim gelip anneme ne oldu\u011funu soruyor, belli ki anlayam\u0131yor ama \u00fczg\u00fcn oldu\u011fumu biliyor, o y\u00fczden bu \u00e7ocuk g\u00fcre\u015fmekten ba\u015fka sevgi dili olmad\u0131\u011f\u0131n\u0131 sand\u0131\u011f\u0131m bu \u00e7ocuk ve hatta bilerek beni delirtmeyi seven \u00e7ocuk, gelip bana sar\u0131l\u0131yor ve bana yaslanarak bana destek olmaya \u00e7al\u0131\u015f\u0131yor. Bamba\u015fka bir duyguymu\u015f halal\u0131k dedirtiyor.<\/p>\n\n\n\n<p>6 g\u00fcn sonra ilk kamp alan\u0131m\u0131zdan toparlan\u0131yoruz ve ayr\u0131l\u0131yoruz, evlerin sabah 10&#8217;da, kamp\u00e7\u0131lar\u0131n ise \u00f6\u011flen 12&#8217;ye kadar vakti var \u00e7\u0131kmak i\u00e7in. Karde\u015fimin karavan\u0131na ta\u015f\u0131n\u0131yoruz oradan da yola. \u00c7o\u011fu \u0130talyan \u00e7ocuk gibi ye\u011fenlerim de sabahlar\u0131 kurabiye tarz\u0131 \u015feyler yemeyi tercih ediyor. \u0130nan\u0131n bir T\u00fcrk k\u0131z\u0131 olarak bu bana hi\u00e7 mant\u0131kl\u0131 gelmiyor ama\u2026 Karde\u015fim toplant\u0131lar\u0131n\u0131 bitiriyor, e\u015fyalar\u0131m\u0131z\u0131 toplay\u0131p yak\u0131nlardaki k\u00f6ye kahve i\u00e7meye gidiyoruz.<\/p>\n\n\n\n<p>\u0130\u015fte maceran\u0131n as\u0131l ba\u015flad\u0131\u011f\u0131 yer buras\u0131, mesela burada \u00e7ocuklarla bir haftal\u0131k tatilin yeterli oldu\u011funu anlamaya ba\u015fl\u0131yorsunuz. \u00d6zellikle depresyon haftan\u0131z\u0131n i\u00e7indeyseniz\u2026 \u00c7o\u011funlukla a\u011flad\u0131\u011f\u0131m ve ayn\u0131 zamanda ev sahibimden gelen trilyonlarca yap\u0131sal soruyla u\u011fra\u015ft\u0131\u011f\u0131m i\u00e7in \u00fczg\u00fcn, yorgun ve sinirliyim. Kahve i\u00e7ti\u011fimiz yerde ye\u011fenlerim, meyve suyu var ve dondurma istiyorlar! Karde\u015fim evet diyor. Kahretsin den ba\u015fka s\u00f6yleyece\u011fim bir \u015fey yok. Bir sonraki kamp alan\u0131na do\u011fru yola \u00e7\u0131k\u0131yoruz. Yolda b\u00fcy\u00fck ye\u011fenim midesinin iyi olmad\u0131\u011f\u0131n\u0131 s\u00f6yl\u00fcyor. K\u0131vr\u0131ml\u0131 otoyolda bir hamle yap\u0131yorum, \u00e7ok ge\u00e7\u2026 \u015eimdi bu o kadar da k\u00f6t\u00fc de\u011fil, \u00e7o\u011funlukla dondurma ve ben bu t\u00fcr \u015feylerde iyiyim, kafamda konuyu engelleyebilirim ve yap\u0131lmas\u0131 gerekeni yapabilirim. Ancak annem kokuya dayanam\u0131yor, \u00f6\u011f\u00fcrmeye ba\u015fl\u0131yor. Karde\u015fim de onun hemen ard\u0131ndan \u00f6\u011f\u00fcrmeye ba\u015fl\u0131yor, t\u00fcm bu olup bitenler s\u0131ras\u0131nda i\u015fin ortas\u0131nda olan ben \u00f6\u011f\u00fcrt\u00fc seslerinden \u00f6t\u00fcr\u00fc \u00f6\u011f\u00fcrmeye ba\u015fl\u0131yorum. \u015eimdi \u00fc\u00e7 yeti\u015fkin \u00f6\u011f\u00fcr\u00fcyor, ye\u011fenim h\u00e2l\u00e2 hasta ve k\u00fc\u00e7\u00fck olan da dikkat \u00e7ekmek i\u00e7in neler yapabilece\u011fine karar vermeye \u00e7al\u0131\u015f\u0131yor. Sonunda otobandan \u00e7\u0131kt\u0131k ve duracak bir yer bulmay\u0131 ba\u015fard\u0131k ama \u015funu s\u00f6ylemeliyim ki, YOL SEYAHAT\u0130NDEN \u00d6NCE \u00c7OCUKLARINIZIN DONDURMA YEMES\u0130NE \u0130Z\u0130N VERMEY\u0130N. Hi\u00e7 e\u011flenceli de\u011fil\u2026<\/p>\n\n\n\n<figure class=\"wp-block-image size-full\"><img decoding=\"async\" loading=\"lazy\" width=\"986\" height=\"781\" src=\"https:\/\/arttmodernmiami.com\/wp-content\/uploads\/2023\/10\/image-11.png\" alt=\"\" class=\"wp-image-2793\" srcset=\"https:\/\/arttmodernmiami.com\/wp-content\/uploads\/2023\/10\/image-11.png 986w, https:\/\/arttmodernmiami.com\/wp-content\/uploads\/2023\/10\/image-11-300x238.png 300w, https:\/\/arttmodernmiami.com\/wp-content\/uploads\/2023\/10\/image-11-768x608.png 768w, https:\/\/arttmodernmiami.com\/wp-content\/uploads\/2023\/10\/image-11-150x119.png 150w, https:\/\/arttmodernmiami.com\/wp-content\/uploads\/2023\/10\/image-11-696x551.png 696w\" sizes=\"(max-width: 986px) 100vw, 986px\" \/><\/figure>\n\n\n\n<p>Calgary yak\u0131n\u0131nda al\u0131\u015fveri\u015f i\u00e7in mola verdikten sonra yeni kamp alan\u0131na do\u011fru yeniden yola \u00e7\u0131k\u0131yoruz. Buran\u0131n karavan alan\u0131 \u00e7ok iyi de\u011fil ama bizim i\u00e7in ger\u00e7ekten g\u00fczel bir evi vard\u0131. Yine iki yatak odas\u0131, bir \u00f6n teras, yemek ve mutfak alan\u0131, bu sefer iki banyo, ger\u00e7ekten modern ve temiz\u2026 Ge\u00e7 fark edilen konu, bunun ye\u011fenlerimin de eve ta\u015f\u0131nmaya karar vermesi anlam\u0131na geldi\u011fi oldu, b\u00f6ylece ayr\u0131 uyku d\u00fczenleri olarak ba\u015flayan tatil, 5 ki\u015finin tek bir yerde kalmas\u0131yla sonu\u00e7land\u0131. \u015eimdi bu 5 ki\u015fi ayn\u0131 ya\u015fta ve s\u00fcrekli sarho\u015f olsa iyi olabilirdi ama 2 tanesi deniz g\u00f6rmekten s\u0131k\u0131lan \u00e7ocuklar ve onlar\u0131n b\u00fct\u00fcn e\u011flencesi g\u00fcre\u015fmekten ve depresyondan dolay\u0131 \u00e7ok fazla fiziki ve ruhsal morluklar\u0131 olan bir hala olunca. Birde ayni hala kafas\u0131nda bin sorun ile bar\u0131\u015f yapmaya \u00e7al\u0131\u015f\u0131nca \u00e7ok kolay olmad\u0131 diyelim.<\/p>\n\n\n\n<p>\u0130lk geceydi, b\u00fcy\u00fck ye\u011fenim karavana gitmek yerine benimle yatmak istedi ki bu da ona g\u00f6re de\u011fil \u00e7\u00fcnk\u00fc babalar\u0131na tak\u0131nt\u0131l\u0131lar. \u015ea\u015f\u0131rt\u0131c\u0131 bir \u015fekilde benimle uyudu, o iyi uyudu da, ben uyuyamad\u0131m,&nbsp; ama ayn\u0131 zamanda yataktan \u00e7\u0131kam\u0131yorum ve s\u00fcrekli onun yataktan d\u00fc\u015fece\u011fi ya da uyan\u0131p babas\u0131 i\u00e7in a\u011flayaca\u011f\u0131ndan korkuyordum. \u0130\u015f kayg\u0131m\u0131n yan\u0131 s\u0131ra gece yar\u0131s\u0131 bir de \u00e7ocuk kayg\u0131s\u0131 yasamak\u2026<\/p>\n\n\n\n<figure class=\"wp-block-image size-full\"><img decoding=\"async\" loading=\"lazy\" width=\"959\" height=\"800\" src=\"https:\/\/arttmodernmiami.com\/wp-content\/uploads\/2023\/10\/image-12.png\" alt=\"\" class=\"wp-image-2794\" srcset=\"https:\/\/arttmodernmiami.com\/wp-content\/uploads\/2023\/10\/image-12.png 959w, https:\/\/arttmodernmiami.com\/wp-content\/uploads\/2023\/10\/image-12-300x250.png 300w, https:\/\/arttmodernmiami.com\/wp-content\/uploads\/2023\/10\/image-12-768x641.png 768w, https:\/\/arttmodernmiami.com\/wp-content\/uploads\/2023\/10\/image-12-150x125.png 150w, https:\/\/arttmodernmiami.com\/wp-content\/uploads\/2023\/10\/image-12-696x581.png 696w\" sizes=\"(max-width: 959px) 100vw, 959px\" \/><\/figure>\n\n\n\n<p>Sabah saat 5 civar\u0131nda, g\u00fcne\u015f do\u011farken odadan ayr\u0131labilecek kadar rahat hissettim. \u0130\u015fte o zaman sihir ger\u00e7ekle\u015fti;<\/p>\n\n\n\n<p>\u00dczerinde sadece 3 ki\u015finin oldu\u011fu b\u00fcy\u00fck bir koy, ucunda g\u00f6lge seklinde g\u00f6r\u00fcnen bir kale, u\u00e7suz bucaks\u0131z k\u0131p\u0131rdamayan bir deniz, aya\u011f\u0131n\u0131z\u0131 kucaklayan yumu\u015fac\u0131k \u0131l\u0131k kumlar ve suyun i\u00e7indeki p\u00fcr\u00fczs\u00fcz ta\u015flar. G\u00fcne\u015fin do\u011fu\u015fuyla var olan huzurlu bir serinlik. Ayak parmaklar\u0131m\u0131n aras\u0131nda kumlar\u0131 hissederek denize do\u011fru y\u00fcr\u00fcyorum, berrak deniz suyu dalgalarla aya\u011f\u0131mdaki kumlar\u0131 ok\u015fuyor ve ben denizi izliyorum.<\/p>\n\n\n\n<p>Hayat\u0131mda hi\u00e7 bo\u015f bir denize girmedim, dayanamay\u0131p kendimi denize at\u0131yorum. A\u011flarken y\u00fczmek pek de iyi bir kombinasyon de\u011fil ama bu y\u00fczmenin sonunda bir rahatlama hissetti\u011fim bir ger\u00e7ek. S\u0131rada ne var bilmiyorum ama Londra yok onu biliyorum.<\/p>\n\n\n\n<p>Her \u015feyden ve o kadar \u00e7ok ba\u015far\u0131dan sonra o kadar k\u0131r\u0131lm\u0131\u015f\u0131m ki, kendimi ve yapt\u0131\u011f\u0131m her \u015feyi b\u00fcy\u00fck bir ba\u015far\u0131s\u0131zl\u0131km\u0131\u015f gibi hissediyorum, nas\u0131l kalk\u0131p yeniden ba\u015flayaca\u011f\u0131m\u0131 bilmiyorum. Art\u0131k nas\u0131l toplanaca\u011f\u0131m\u0131 bile bilmiyorum. Yorgun hissediyorum.<\/p>\n\n\n\n<p>Sonraki birka\u00e7 g\u00fcn uzun kumsalda y\u00fcr\u00fcy\u00fc\u015fler yap\u0131p kendime biraz zaman ay\u0131rd\u0131m, 80\u2019ler den \u015fark\u0131lar dinledim ve deniz camlar\u0131 toplad\u0131m. Beni s\u00fcrekli me\u015fgul eden ve depresyonun en derin noktas\u0131na d\u00fc\u015fmeme izin vermeyen iki ye\u011fenimin olmas\u0131 \u00e7ok iyi oldu. Her \u015feyin bir \u00e7i\u00e7ekle ba\u015flad\u0131\u011f\u0131 g\u00fczel bir gece ayd\u0131nlanma an\u0131m oldu. B\u00fcy\u00fck ye\u011fenim bildi\u011fi bir \u00e7i\u00e7e\u011fi sa\u00e7\u0131ma takmam\u0131 istedi, di\u011feri ise \u00e7\u0131karamayaca\u011f\u0131m konusunda \u0131srar etti. Bulutlar\u0131n aras\u0131nda kendini g\u00f6steren muhte\u015fem bir dolunay vard\u0131 ve ard\u0131ndan ya\u011fmur. Buna aral\u0131ks\u0131z e\u015flik eden birka\u00e7 mikser ve payla\u015f\u0131lan bir \u015fi\u015fe \u015farab\u0131n \u00fcst\u00fcne bir de sadece bana bir \u015fi\u015fe \u015farapla ilerleyen gece. Gecenin sonunda gelen ya\u011fmurun alt\u0131nda i\u00e7ip a\u011flamak\u2026<\/p>\n\n\n\n<p>\u0130\u015fte o arada bir yerde her \u015fey biraz daha netle\u015fti, ben yapt\u0131\u011f\u0131m iste kazand\u0131m ama hayat beni yendi\u2026 Karde\u015fimin nadide bir m\u00fccevher olan cesaret verici s\u00f6zleriyle \u0130talya&#8217;ya ta\u015f\u0131nmam\u0131za ve Milano&#8217;da yeniden ba\u015flamam\u0131za karar verildi. Bir bak\u0131ma g\u00fczeldi, bir ayd\u0131nlanmayd\u0131 ya da de\u011fildi ama ben en az\u0131ndan karar verdim. Bunu ak\u0131l sa\u011fl\u0131\u011f\u0131m i\u00e7in yap\u0131yorum. Ye\u011fenlerimin \u00e7\u0131lg\u0131nl\u0131\u011f\u0131ndan ve Akdeniz havas\u0131ndan keyif ald\u0131\u011f\u0131m\u0131 fark ettim Yumu\u015fak kumu ve \u0131l\u0131k suyu, daha da \u00f6nemlisi g\u00fczel meyveleri sevdi\u011fimi hat\u0131rlad\u0131m.<\/p>\n\n\n\n<figure class=\"wp-block-image size-full\"><img decoding=\"async\" loading=\"lazy\" width=\"970\" height=\"684\" src=\"https:\/\/arttmodernmiami.com\/wp-content\/uploads\/2023\/10\/image-13.png\" alt=\"\" class=\"wp-image-2795\" srcset=\"https:\/\/arttmodernmiami.com\/wp-content\/uploads\/2023\/10\/image-13.png 970w, https:\/\/arttmodernmiami.com\/wp-content\/uploads\/2023\/10\/image-13-300x212.png 300w, https:\/\/arttmodernmiami.com\/wp-content\/uploads\/2023\/10\/image-13-768x542.png 768w, https:\/\/arttmodernmiami.com\/wp-content\/uploads\/2023\/10\/image-13-150x106.png 150w, https:\/\/arttmodernmiami.com\/wp-content\/uploads\/2023\/10\/image-13-696x491.png 696w\" sizes=\"(max-width: 970px) 100vw, 970px\" \/><\/figure>\n\n\n\n<p>Son g\u00fcn kamp taraf\u0131nda merkeze, Calgary&#8217;ye gidiyoruz, g\u00fczel bir merkezi var, 100\u2019den fazla merdivenle t\u0131rman\u0131lan eski bir yap\u0131, tam ortada kurulu ve tepeden t\u00fcm aday\u0131 g\u00f6rebiliyorsunuz. Ger\u00e7ekte ne kadar k\u00fc\u00e7\u00fck oldu\u011funuzu bir kere daha anl\u0131yorsunuz. Ve biraz al\u00e7akg\u00f6n\u00fcll\u00fc olup bu koca d\u00fcnyan\u0131n i\u00e7indeki yaln\u0131zl\u0131\u011f\u0131n\u0131z\u0131n ortas\u0131nda, yan\u0131n\u0131zda olanlar var oldu\u011fu i\u00e7in ne kadar \u015fansl\u0131 oldu\u011funuzu hissediyorsunuz. \u015eehir tepeler \u00fczerine kurulmu\u015f oldu\u011fundan bir a\u015fa\u011f\u0131 bir yukar\u0131 yoku\u015flar y\u00fcr\u00fcyerek geziyorsunuz. Eski ve yeni yap\u0131lar\u0131n kar\u0131\u015f\u0131m\u0131ndan olu\u015fuyor ve merkeze yak\u0131n park yeri yok. K\u00fc\u00e7\u00fck ma\u011fazalardan Chanel gibi b\u00fcy\u00fck markalara kadar her \u015feyi bulabilece\u011finiz bir ada \u015fehri. Hayat\u0131m\u0131n en iyi gl\u00fctensiz pizzas\u0131n\u0131 yedi\u011fimi de eklemeliyim, daha yumu\u015fak olan g\u00fcney tarz\u0131 \u0130talyan pizzas\u0131, ilk defa beyaz soslu pizza yedim, ben domatesi terci ederim ama \u00e7ok lezzetliydi ve afiyetle yedim. Tekrar yemek yemeyi sab\u0131rs\u0131zl\u0131kla bekliyorum.<\/p>\n\n\n\n<p>S\u00f6yleyece\u011fim tek \u015fey, Sardunya&#8217;n\u0131n g\u00f6r\u00fclmesi gereken bir yer oldu\u011fu. Kalabilece\u011finiz iyi oteller var ve sizi havaalan\u0131ndan al\u0131yorlar. Ama ben gene de tatilinizi y\u00fcksek a\u011fa\u00e7lar\u0131n, uzun kumsallar\u0131n, u\u00e7suz bucaks\u0131z denizin ve g\u00f6z\u00fcn\u00fcz\u00fcn alabildi\u011fine y\u0131ld\u0131zlar\u0131n alt\u0131nda bir kamp alan\u0131nda yapmaya cesaret etmenizi tavsiye edece\u011fim.<\/p>\n\n\n\n<p>Belki, belki kendinde ba\u015fka bir sen bulacaks\u0131n, ya da kendin hakk\u0131nda yeni bir \u015feyler \u00f6\u011freneceksin, ya da belki hayatta ne kadar cesarete sahip olabilece\u011fini g\u00f6receksin.<\/p>\n\n\n\n<p>Her zamanki gibi okudu\u011funuz i\u00e7in te\u015fekk\u00fcr ederim.<\/p>\n\n\n\n<p>Kendine iyi davran.<\/p>\n\n\n\n<p>Seni seviyorum.<\/p>\n\n\n\n<p>Xoxo<\/p>\n\n\n\n<p>Merve Bay\u0131nd\u0131r<\/p>\n\n\n\n<p>Kamp alanlar\u0131 hakk\u0131nda bilgi:<\/p>\n\n\n\n<p>\u0130lk Kamp Alan\u0131:<\/p>\n\n\n\n<p>Campeggio Villaggio Sos Flores<\/p>\n\n\n\n<figure class=\"wp-block-embed is-type-wp-embed is-provider-campeggio-villaggio-sos-flores wp-block-embed-campeggio-villaggio-sos-flores\"><div class=\"wp-block-embed__wrapper\">\n<blockquote class=\"wp-embedded-content\" data-secret=\"tq0h8JXscS\"><a href=\"https:\/\/www.campingsosflores.com\/\">Home<\/a><\/blockquote><iframe class=\"wp-embedded-content\" sandbox=\"allow-scripts\" security=\"restricted\" style=\"position: absolute; clip: rect(1px, 1px, 1px, 1px);\" title=\"&#8220;Home&#8221; &#8212; Campeggio Villaggio Sos Flores\" src=\"https:\/\/www.campingsosflores.com\/embed\/#?secret=ZQwaM27D5w#?secret=tq0h8JXscS\" data-secret=\"tq0h8JXscS\" width=\"600\" height=\"338\" frameborder=\"0\" marginwidth=\"0\" marginheight=\"0\" scrolling=\"no\"><\/iframe>\n<\/div><\/figure>\n\n\n\n<p>\u0130kinci Kamp Alan\u0131:<\/p>\n\n\n\n<p>Flumendosa Village<\/p>\n\n\n\n<figure class=\"wp-block-embed\"><div class=\"wp-block-embed__wrapper\">\nhttps:\/\/www.campingflumendosa.com\n<\/div><\/figure>\n\n\n\n<figure class=\"wp-block-image size-full is-resized\"><img decoding=\"async\" loading=\"lazy\" src=\"https:\/\/arttmodernmiami.com\/wp-content\/uploads\/2023\/10\/image-7.png\" alt=\"\" class=\"wp-image-2789\" width=\"863\" height=\"683\"\/><\/figure>\n\n\n\n<p>Ekstra aktiviteler (kamp alanlar\u0131na d\u00e2hil de\u011fildir):<\/p>\n\n\n\n<p>At s\u0131rt\u0131na binmek<\/p>\n\n\n\n<p>Macera park\u0131<\/p>\n\n\n\n<p>Do\u011fa y\u00fcr\u00fcy\u00fc\u015f\u00fc<\/p>\n\n\n\n<p>Elektrikli Bisiklet<\/p>\n\n\n\n<p>R\u00fczg\u00e2r S\u00f6rf\u00fc<\/p>\n\n\n\n<p>Canon<\/p>\n\n\n\n<figure class=\"wp-block-image size-large\"><img decoding=\"async\" loading=\"lazy\" width=\"1024\" height=\"404\" src=\"https:\/\/arttmodernmiami.com\/wp-content\/uploads\/2023\/08\/image-52-1024x404.png\" alt=\"\" class=\"wp-image-2639\" srcset=\"https:\/\/arttmodernmiami.com\/wp-content\/uploads\/2023\/08\/image-52-1024x404.png 1024w, https:\/\/arttmodernmiami.com\/wp-content\/uploads\/2023\/08\/image-52-300x118.png 300w, https:\/\/arttmodernmiami.com\/wp-content\/uploads\/2023\/08\/image-52-768x303.png 768w, https:\/\/arttmodernmiami.com\/wp-content\/uploads\/2023\/08\/image-52-150x59.png 150w, https:\/\/arttmodernmiami.com\/wp-content\/uploads\/2023\/08\/image-52-696x274.png 696w, https:\/\/arttmodernmiami.com\/wp-content\/uploads\/2023\/08\/image-52.png 1030w\" sizes=\"(max-width: 1024px) 100vw, 1024px\" \/><\/figure>\n","protected":false},"excerpt":{"rendered":"<p>E\u011fer benim okuyucumsan\u0131z, son bir senedir bitmeyen kaotik hayat\u0131m hakk\u0131nda hemen hemen g\u00fcncel bilgilere sahip olmu\u015fsunuzdur. Hen\u00fcz benim okuyucular\u0131mdan de\u011filseniz eski makalelerime d\u00f6n\u00fcp aray\u0131 kapatsan\u0131z iyi olur, \u00e7\u00fcnk\u00fc hik\u00e2yenin nerede ba\u015flad\u0131\u011f\u0131n\u0131 bilmiyorsan\u0131z bundan sonra ne olaca\u011f\u0131n\u0131 takip etmeniz biraz zor olacak. \u0130nan\u0131n bundan sonras\u0131 i\u00e7in ya\u015fanmay\u0131 ve yaz\u0131lmay\u0131 bekleyen bir macera var\u2026 K\u0131sa bir \u00f6zet [&hellip;]<\/p>\n","protected":false},"author":4,"featured_media":2792,"comment_status":"open","ping_status":"open","sticky":false,"template":"","format":"standard","meta":[],"categories":[68],"tags":[86,85,31],"translation":{"provider":"WPGlobus","version":"3.0.0","language":"tr","enabled_languages":["en","tr"],"languages":{"en":{"title":true,"content":true,"excerpt":false},"tr":{"title":true,"content":true,"excerpt":false}}},"_links":{"self":[{"href":"https:\/\/arttmodernmiami.com\/tr\/wp-json\/wp\/v2\/posts\/2800"}],"collection":[{"href":"https:\/\/arttmodernmiami.com\/tr\/wp-json\/wp\/v2\/posts"}],"about":[{"href":"https:\/\/arttmodernmiami.com\/tr\/wp-json\/wp\/v2\/types\/post"}],"author":[{"embeddable":true,"href":"https:\/\/arttmodernmiami.com\/tr\/wp-json\/wp\/v2\/users\/4"}],"replies":[{"embeddable":true,"href":"https:\/\/arttmodernmiami.com\/tr\/wp-json\/wp\/v2\/comments?post=2800"}],"version-history":[{"count":8,"href":"https:\/\/arttmodernmiami.com\/tr\/wp-json\/wp\/v2\/posts\/2800\/revisions"}],"predecessor-version":[{"id":2811,"href":"https:\/\/arttmodernmiami.com\/tr\/wp-json\/wp\/v2\/posts\/2800\/revisions\/2811"}],"wp:featuredmedia":[{"embeddable":true,"href":"https:\/\/arttmodernmiami.com\/tr\/wp-json\/wp\/v2\/media\/2792"}],"wp:attachment":[{"href":"https:\/\/arttmodernmiami.com\/tr\/wp-json\/wp\/v2\/media?parent=2800"}],"wp:term":[{"taxonomy":"category","embeddable":true,"href":"https:\/\/arttmodernmiami.com\/tr\/wp-json\/wp\/v2\/categories?post=2800"},{"taxonomy":"post_tag","embeddable":true,"href":"https:\/\/arttmodernmiami.com\/tr\/wp-json\/wp\/v2\/tags?post=2800"}],"curies":[{"name":"wp","href":"https:\/\/api.w.org\/{rel}","templated":true}]}}