{"id":2491,"date":"2023-07-26T12:40:04","date_gmt":"2023-07-26T09:40:04","guid":{"rendered":"https:\/\/arttmodernmiami.com\/?p=2491"},"modified":"2023-07-26T18:37:50","modified_gmt":"2023-07-26T15:37:50","slug":"fitnat-sasal-curiously-asked","status":"publish","type":"post","link":"https:\/\/arttmodernmiami.com\/tr\/2491\/fitnat-sasal-curiously-asked\/","title":{"rendered":"Kendini Yenileyen Kad\u0131n Esra KARAG\u00dcLLE Fitnat \u015eASAL sordu;"},"content":{"rendered":"\n<figure class=\"wp-block-image size-full is-resized\"><img decoding=\"async\" loading=\"lazy\" src=\"https:\/\/arttmodernmiami.com\/wp-content\/uploads\/2023\/07\/Screenshot-2023-07-26-183648.png\" alt=\"\" class=\"wp-image-2504\" width=\"860\" height=\"1196\"\/><\/figure>\n\n\n\n<p>Fitnat \u015ea\u015fal, \u0130stanbul<\/p>\n\n\n\n<p>Herkese merhaba sevgili ARTTMODERNM\u0130AM\u0130 GAZETE okuyucular\u0131,<\/p>\n\n\n\n<p>Yeni bir yaz\u0131yla kar\u015f\u0131n\u0131zday\u0131m. Daha \u00f6nceki yaz\u0131ya g\u00f6sterdi\u011finiz ilgi i\u00e7in te\u015fekk\u00fcr ederim.<\/p>\n\n\n\n<p>Hayat\u0131mda yeni bir ba\u015flang\u0131c\u0131n ba\u015f\u0131nday\u0131m. Kendimi yenilemeyi seviyorum, \u015fu anki durumda tam anlam\u0131yla bu! K\u0131saca kendimden bahsetmek gerekirse;<\/p>\n\n\n\n<p>Uzun y\u0131llar T\u00fcrkiye\u2019nin \u00f6nemli kurumlar\u0131nda \u00e7al\u0131\u015ft\u0131m. Yurti\u00e7i ve yurtd\u0131\u015f\u0131 Sat\u0131\u015f ve Pazarlama alan\u0131nda y\u00f6neticilik yapt\u0131m. Sonra yine kurumsal ve ayn\u0131 alanlarda dan\u0131\u015fmanl\u0131k vermekte oldu\u011fum kendi \u015firketimdeki faaliyetlerimi s\u00fcrd\u00fcr\u00fcrken; vizyoner, yarat\u0131c\u0131 ve ilam verici insanlarla bir araya geldim. Farkl\u0131 ufuklara y\u00f6nelmek amac\u0131 ile \u00e7al\u0131\u015fmalar\u0131n\u0131 b\u00fcy\u00fck ilgi ve gururla takip etti\u011fim; Sevgili Tu\u011fba Yaz\u0131c\u0131\u2019n\u0131n te\u015fviki ile ticari \u00e7al\u0131\u015fmalar\u0131ma paralel olarak, \u00fcniversitede e\u011fitimini ald\u0131\u011f\u0131m edebiyat alan\u0131nda da kendimi ifade etmek istedim.<\/p>\n\n\n\n<p>Ve i\u015fte kar\u015f\u0131n\u0131zday\u0131m, yorumlar\u0131n\u0131z\u0131 duymak isterim ?<\/p>\n\n\n\n<p>Bu yaz\u0131da sizi; kendisini bir\u00e7ok alanda yenileyen bir kad\u0131n; Esra Karag\u00fclle \u2018yi tan\u0131taca\u011f\u0131m. Hik\u00e2yesini kendisinden dinleyelim:<\/p>\n\n\n\n<figure class=\"wp-block-image size-full\"><img decoding=\"async\" loading=\"lazy\" width=\"974\" height=\"839\" src=\"https:\/\/arttmodernmiami.com\/wp-content\/uploads\/2023\/07\/image-48.png\" alt=\"\" class=\"wp-image-2493\" srcset=\"https:\/\/arttmodernmiami.com\/wp-content\/uploads\/2023\/07\/image-48.png 974w, https:\/\/arttmodernmiami.com\/wp-content\/uploads\/2023\/07\/image-48-300x258.png 300w, https:\/\/arttmodernmiami.com\/wp-content\/uploads\/2023\/07\/image-48-768x662.png 768w, https:\/\/arttmodernmiami.com\/wp-content\/uploads\/2023\/07\/image-48-150x129.png 150w, https:\/\/arttmodernmiami.com\/wp-content\/uploads\/2023\/07\/image-48-696x600.png 696w\" sizes=\"(max-width: 974px) 100vw, 974px\" \/><\/figure>\n\n\n\n<p><strong>ARTTMODERNM\u0130AM\u0130 GAZETE\/ F\u0130TNAT <a>\u015eA\u015eAL<\/a>:<\/strong> Merhaba Esra Han\u0131m, bize biraz kendinizden bahseder misiniz?<\/p>\n\n\n\n<p><a><strong>ESRA KARAG\u00dcLLE:<\/strong><\/a> \u0130stanbul\u2019da do\u011fdum. \u0130lkokul e\u011fitimini ald\u0131\u011f\u0131m y\u0131llarda bale e\u011fitimine ba\u015flad\u0131m. Klasik bale ile birlikte, Flemenko, Jazz, Modern Dans, Piyano ve Tiyatro gibi e\u011fimleri yan meslek dersleri olarak g\u00f6rd\u00fcm. \u0130lk profesyonel i\u015f hayat\u0131ma 15-16 ya\u015flar\u0131mda \u0130zmir Devlet Tiyatrosu\u2019nda \u201cBoy Friend\u201d isimli m\u00fczikal tiyatroyla ba\u015flad\u0131m. Ayr\u0131ca bu d\u00f6nem anaokullar\u0131nda bale dersleri verip, g\u00f6steriler sahneliyordum. Bu s\u00fcre\u00e7 \u00fcniversiteyi bitirene kadar s\u00fcrd\u00fc. Maalesef bir kaza sonucu bale kariyerim bitti. \u201cSahne tozunu alm\u0131\u015f birinin sahneden kopmas\u0131 \u00e7ok zor olur\u201d demi\u015fler. Ben ka\u00e7makta buldum \u00e7areyi. Asl\u0131nda sesim sopranoymu\u015f dolay\u0131s\u0131yla beni Opera B\u00f6l\u00fcm\u00fcne hatta Tiyatro B\u00f6l\u00fcm\u00fcne de almak istediler ama hayat\u0131m boyunca balerinlerle ayn\u0131 ortamda olmak beni \u00e7ok \u00fczer diye d\u00fc\u015f\u00fcnerek s\u0131navlara girmedim. Kendimi \u0130\u015fletme e\u011fitimi g\u00f6r\u00fcrken buldum. Asl\u0131nda yarat\u0131c\u0131l\u0131k biliyorsunuz beynin sa\u011f yar\u0131mk\u00fcresinin bir \u00fcr\u00fcn\u00fc, bir anda kendimi beynin sol yar\u0131mk\u00fcresinde buldum.<\/p>\n\n\n\n<p>\u00dcniversite y\u0131llar\u0131nda binicilik sporuyla ilgilendim ve okulun Binicilik Kul\u00fcb\u00fc ba\u015fkanl\u0131\u011f\u0131n\u0131 yapt\u0131m. Ayr\u0131ca Bale ve Dans Kul\u00fcb\u00fc kurdum yine g\u00f6steriler sahneledik. Ben o y\u0131llar her ne kadar ka\u00e7t\u0131\u011f\u0131m\u0131 zannetsem de kendimi bale \u00f6\u011fretmeni olarak buldum. Hatta bug\u00fcn hala \u00e7ok \u00e7e\u015fitli dans derslerine devam ediyorum.<\/p>\n\n\n\n<p>\u00dcniversitenin bitmesiyle i\u015f hayat\u0131mda \u00f6nce \u00f6zel bir \u015firkette finansman ve kambiyo gibi alanlarda \u00e7al\u0131\u015ft\u0131m. Evlili\u011fimle birlikte kendi aile \u015firketimizde y\u00f6netici olarak \u00e7al\u0131\u015fmaya ba\u015flad\u0131m ve halen devam ediyorum.<\/p>\n\n\n\n<p>En b\u00fcy\u00fck ilgi alanlar\u0131mdan biri de Psikoloji. Temel Psikoloji, Ergen ve Aile gibi \u00e7e\u015fitli alanlarda yedi tane sertifika programlar\u0131na kat\u0131ld\u0131m. Amat\u00f6r tenis sporcusuyum. \u00c7e\u015fitli derece ve kupalar\u0131m bulunuyor.<\/p>\n\n\n\n<p>\u0130zmir Atl\u0131 Spor Kul\u00fcb\u00fc Y\u00f6netim Kurulu \u00fcyeli\u011fi yapt\u0131m, bir d\u00f6nem binicilik hakemli\u011fi lisans\u0131 da ald\u0131m. Karma resim sergilerim oldu.<\/p>\n\n\n\n<p>En b\u00fcy\u00fck g\u00fc\u00e7 kayna\u011f\u0131m asl\u0131nda g\u00f6n\u00fcll\u00fcl\u00fck. \u00c7a\u011fda\u015f Ya\u015fam\u0131 Destekleme Derne\u011fi Zekeriyak\u00f6y \u015eube Proje Koordinat\u00f6r\u00fcy\u00fcm ve ayn\u0131 zamanda derne\u011fin mentorleri aras\u0131nday\u0131m.&nbsp;<\/p>\n\n\n\n<p><strong>F\u0130TNAT \u015eA\u015eAL:<\/strong> Evli misiniz? Mesle\u011finiz nedir?<\/p>\n\n\n\n<p><strong>ESRA KARAG\u00dcLLE:<\/strong> Evet, 1998 y\u0131l\u0131ndan beri evliyim ve o y\u0131ldan beri kendi aile \u015firketimizde y\u00f6netici olarak \u00e7al\u0131\u015fmaya devam ediyorum. Bir yandan da yarat\u0131c\u0131l\u0131k hayat\u0131m\u0131n merkezinde yer al\u0131yor. \u00c7ocuk kitaplar\u0131 yaz\u0131yorum. \u201cYok, Art\u0131k \u00c7\u0131p \u00c7\u0131p\u2019\u0131n Bale Pabucu, Bubu T\u00fcrkan Saylan\u2019\u0131 Anlat\u0131yor\u201d isimli kitaplar\u0131m ve bir adet yeti\u015fkin \u00f6yk\u00fcm yay\u0131mland\u0131. Okullarda, \u00c7ocuk S\u0131\u011f\u0131nma Evlerinde, kitap fuarlar\u0131nda \u00e7ocuklarla s\u00f6yle\u015filer yap\u0131yorum.<\/p>\n\n\n\n<p><strong>F\u0130TNAT \u015eA\u015eAL:<\/strong> Nerede ya\u015f\u0131yorsunuz? Mesle\u011finiz nedir?<\/p>\n\n\n\n<p><strong>ESRA KARAG\u00dcLLE:<\/strong> Son d\u00f6rt y\u0131ld\u0131r \u0130stanbul\u2019da ya\u015f\u0131yorum. Ben mek\u00e2nlar\u0131n insanlar \u00fczerinde de\u011fi\u015fik etkileri oldu\u011funa inan\u0131yorum. Hatta enerjisi, ruhu oldu\u011funu d\u00fc\u015f\u00fcn\u00fcyorum. Dolay\u0131s\u0131yla \u0130stanbul\u2019u olmam gereken yer olarak hissediyorum.<\/p>\n\n\n\n<p><strong>F\u0130TNAT \u015eA\u015eAL:<\/strong> Daha \u00f6nce nerede ya\u015fad\u0131n\u0131z?<\/p>\n\n\n\n<p><strong>ESRA KARAG\u00dcLLE:<\/strong> Daha \u00f6nce babam\u0131n i\u015f sebebiyle y\u0131llar \u00f6nce \u0130zmir\u2019e yerle\u015fmi\u015ftik.<\/p>\n\n\n\n<p><strong>F\u0130TNAT \u015eA\u015eAL:<\/strong> \u00c7ok k\u0131sa s\u00fcrede, hepsi birbirinden g\u00fczel \u00e7ocuk kitaplar\u0131 yazmaya ba\u015flad\u0131n\u0131z. Yazarl\u0131k hayat\u0131n\u0131za nas\u0131l girdi?<\/p>\n\n\n\n<p><strong>ESRA KARAG\u00dcLLE:<\/strong> Hayat\u0131mda her \u015feyin i\u00e7inde tutku ve merak var. E\u011fer hayat\u0131n\u0131zda heyecan yoksa tutkunuz yok demektir. Yarat\u0131c\u0131 ya da sanat\u00e7\u0131 y\u00f6n\u00fcm yine \u00f6z\u00fcne d\u00f6nd\u00fc belki de.<\/p>\n\n\n\n<p>K\u0131z\u0131m \u00e7ok zor yemek yiyen bir \u00e7ocuktu. Ona s\u00fcrekli hik\u00e2yeler uydururdum. Hi\u00e7bir \u015fey bulamasam \u00e7atalla ka\u015f\u0131\u011f\u0131 konu\u015ftururdum. Her gece onu uyutmaya g\u00f6t\u00fcrd\u00fc\u011f\u00fcmde bebekleriyle do\u011fa\u00e7lama bir tiyatro sahnelerdim. Her bebe\u011fe bir karakter olu\u015fturmu\u015ftum. Daha sonra ailemize \u00c7\u0131p \u00c7\u0131p yani kaplumba\u011fam\u0131z eklendi. Tabii ki ona da bir karakter yaratt\u0131m.<\/p>\n\n\n\n<p>O d\u00f6nemlerde yo\u011fun i\u015f hayat\u0131, k\u0131z\u0131m\u2026 Gibi sebeplerle hik\u00e2ye yazma f\u0131rsat\u0131m hi\u00e7 olmad\u0131. Ama bir yandan da t\u00fcm arkada\u015flar\u0131m bu hik\u00e2yeleri kaleme almal\u0131s\u0131n diyorlard\u0131. Ne zaman Pandemi ba\u015flad\u0131, hemen yeni alana girmeliyim diyerek \u00e7ok ciddi ara\u015ft\u0131rmalara girdim. Pandemi d\u00f6nemini inan\u0131lmaz yo\u011fun ge\u00e7irdim.<\/p>\n\n\n\n<p>\u0130lk kitab\u0131m\u0131 k\u0131z\u0131m Serra ve on be\u015f y\u0131ld\u0131r birlikte ya\u015fad\u0131\u011f\u0131m\u0131z \u00c7\u0131p \u00c7\u0131p\u2019tan ilham alarak k\u00e2\u011f\u0131da d\u00f6kt\u00fcm. Ard\u0131ndan, kitab\u0131n t\u00fcm telif haklar\u0131n\u0131 \u00c7a\u011fda\u015f Ya\u015fam\u0131 Destekleme Derne\u011fi\u2019nin \u201cAnadolu\u2019da K\u0131z\u0131m Var \u00d6\u011fretmen Olacak\u201d Projesine ba\u011f\u0131\u015flad\u0131m. Pandemi sebebiyle \u00e7ok az yay\u0131nevi dosya kabul ediyordu. Ama ben \u015fans\u0131m\u0131 yine de denedim. \u00dc\u00e7 ay sonra da olumlu cevab\u0131 ald\u0131m. Ve o g\u00fcnden beri hayata daha heyecanl\u0131 bakmaya ba\u015flad\u0131m.<\/p>\n\n\n\n<figure class=\"wp-block-image size-large\"><img decoding=\"async\" loading=\"lazy\" width=\"818\" height=\"1024\" src=\"https:\/\/arttmodernmiami.com\/wp-content\/uploads\/2023\/07\/image-49-818x1024.png\" alt=\"\" class=\"wp-image-2494\" srcset=\"https:\/\/arttmodernmiami.com\/wp-content\/uploads\/2023\/07\/image-49-818x1024.png 818w, https:\/\/arttmodernmiami.com\/wp-content\/uploads\/2023\/07\/image-49-240x300.png 240w, https:\/\/arttmodernmiami.com\/wp-content\/uploads\/2023\/07\/image-49-768x962.png 768w, https:\/\/arttmodernmiami.com\/wp-content\/uploads\/2023\/07\/image-49-150x188.png 150w, https:\/\/arttmodernmiami.com\/wp-content\/uploads\/2023\/07\/image-49-300x376.png 300w, https:\/\/arttmodernmiami.com\/wp-content\/uploads\/2023\/07\/image-49-696x872.png 696w, https:\/\/arttmodernmiami.com\/wp-content\/uploads\/2023\/07\/image-49.png 974w\" sizes=\"(max-width: 818px) 100vw, 818px\" \/><\/figure>\n\n\n\n<p><strong>F\u0130TNAT \u015eA\u015eAL:<\/strong> \u0130stanbul Yenik\u00f6y Rotary Kul\u00fcb\u00fc\u2019n\u00fcn gelecek d\u00f6nem ki ba\u015fkan aday\u0131 se\u00e7ildiniz. Bize bu s\u00fcre\u00e7ten bahsedebilir misiniz? Sizin hedefleriniz nelerdir?<\/p>\n\n\n\n<p><strong>ESRA KARAG\u00dcLLE:<\/strong> 2023 y\u0131l\u0131 Cumhuriyet\u2019in 100. y\u0131l\u0131 olarak kutlan\u0131yor. Bu y\u0131l sekreter olarak g\u00f6rev yapmak benim i\u00e7in \u00e7ok anlaml\u0131. 2024 y\u0131l\u0131nda ise Cumhuriyet 101. ya\u015f\u0131n\u0131 kutlayacak ve ben de haziran ay\u0131nda da ba\u015fkanl\u0131k g\u00f6revini b\u00fcy\u00fck bir heyecanla devir alaca\u011f\u0131m. Mustafa Kemal Atat\u00fcrk\u2019\u00fcn \u201cYurtta Bar\u0131\u015f D\u00fcnyada Bar\u0131\u015f\u201d s\u00f6z\u00fcn\u00fcn \u0131\u015f\u0131\u011f\u0131nda ilerlemeye devam edece\u011fiz.<\/p>\n\n\n\n<p>\u201cD\u00fcnyaya Umut Olal\u0131m\u201d yolculu\u011fu ile ba\u015flay\u0131p, kurgumuzu Bar\u0131\u015f \u00fczerine in\u015fa ediyoruz. \u00c7ocuklar ve kad\u0131nlar \u00f6ncelikli konulardan benim i\u00e7in. \u00d6zellikle k\u0131z \u00e7ocuklar\u0131n\u0131n e\u011fitimi ve cinsiyet e\u015fitlili\u011fi.<\/p>\n\n\n\n<p>Daha iyi bir e\u011fitim i\u00e7in umut olaca\u011f\u0131z.<\/p>\n\n\n\n<p>Daha ye\u015fil bir \u00e7evre i\u00e7in umut olaca\u011f\u0131z.<\/p>\n\n\n\n<p>Daha sa\u011fl\u0131kl\u0131 bir nesil i\u00e7in umut olaca\u011f\u0131z.<\/p>\n\n\n\n<p>Daha bar\u0131\u015f\u00e7\u0131l bir toplum i\u00e7in umut olaca\u011f\u0131z.<\/p>\n\n\n\n<p>Rotary\u2019nin hizmet ideali, \u201cKendinden \u00d6nce hizmet.\u201d<\/p>\n\n\n\n<p>Y\u00f6netim felsefemizi \u201cYenilik\u00e7ilik\u201d olarak tan\u0131mlayabiliriz.<\/p>\n\n\n\n<p><strong>F\u0130TNAT \u015eA\u015eAL:<\/strong> Sizce d\u00f6n\u00fc\u015f\u00fcm nedir ve bir insan nas\u0131l d\u00f6n\u00fc\u015f\u00fcr?<\/p>\n\n\n\n<p><strong>ESRA KARAG\u00dcLLE:<\/strong> Ne ho\u015f bir soru. \u00c7ocuk hik\u00e2yelerinin olmazsa olmaz\u0131 \u201cD\u00f6n\u00fc\u015f\u00fcm\u201d ya da \u201cKarakterin Yolculu\u011fu\u201d. Okudu\u011fumuz eserlerin hepsi s\u0131radan d\u00fcnyada ba\u015flar. S\u0131radan d\u00fcnyadan kast\u0131m herkesin s\u0131radanla\u015fm\u0131\u015f hayat\u0131 vard\u0131r. Kahraman\u0131m\u0131z ya da ben her zamanki i\u015fleriyle u\u011fra\u015f\u0131rken kendilerini beklenmedik bir maceran\u0131n i\u00e7inde bulabiliriz. Kendi d\u00fcnyan\u0131z d\u0131\u015f\u0131ndaki yolculu\u011fa \u00e7\u0131kmak cesaret i\u015fidir. Konfor alan\u0131ndan \u00e7\u0131kmak, okyanuslarda karanl\u0131k sularda y\u00fczmek gibidir. Her yolculukta s\u0131navlar vard\u0131r. De\u011fi\u015fim kolay de\u011fildir. \u00c7\u00f6zmeniz gereken bilmeceler, aksilikler\u2026 Ama buna cesaret edemezseniz hi\u00e7bir \u015fey ger\u00e7ekle\u015fmez. D\u00f6n\u00fc\u015f\u00fcm olmaz. Bu macera sona erdi\u011finde \u00f6d\u00fcl de gelir. \u0130\u015fte bu maceradan sonra yani s\u0131navlar, zorluklar bizi de\u011fi\u015ftirmi\u015ftir. Art\u0131k eski hayat\u0131n\u0131za d\u00f6nmezsiniz. Bu yolculuk bize yeni g\u00fc\u00e7ler, yeni bir bak\u0131\u015f a\u00e7\u0131s\u0131 ve yani bir hayat sunar. Yeniden do\u011fu\u015f gibi\u2026 Benim i\u00e7in edebiyat yolculu\u011fu gibi.<\/p>\n\n\n\n<p><strong>F\u0130TNAT \u015eA\u015eAL:<\/strong> Seyahat etmeyi seviyorsunuz, en \u00e7ok etkilendi\u011finiz 3 yeri s\u00f6yler misiniz?<\/p>\n\n\n\n<p><strong>ESRA KARAG\u00dcLLE:<\/strong> En etkilendi\u011fim yerler; Peri Bacalar\u0131 Nev\u015fehir, GAP B\u00f6lgesi yani Ad\u0131yaman, Batman, Diyarbak\u0131r, Gaziantep, Kilis, Mardin, \u015eanl\u0131urfa, Siirt, \u015e\u0131rnak ve New York.<\/p>\n\n\n\n<p><strong>F\u0130TNAT \u015eA\u015eAL:<\/strong> Gelecek planlar\u0131n\u0131z nelerdir?<\/p>\n\n\n\n<p><strong>ESRA KARAG\u00dcLLE:<\/strong> \u00d6zellikle edebiyat alan\u0131nda yo\u011funla\u015fmak istiyorum.<\/p>\n\n\n\n<p><strong>F\u0130TNAT \u015eA\u015eAL:<\/strong> Sizi okuyanlara bir mesaj\u0131n\u0131z var m\u0131? Sizce ba\u015far\u0131n\u0131n s\u0131rr\u0131 nedir?<\/p>\n\n\n\n<p><strong>ESRA KARAG\u00dcLLE: <\/strong>Hayat cesurlar\u0131 sever. Pes etmeden akl\u0131n\u0131zdakini hayata ge\u00e7irmeye odaklan\u0131n. Nas\u0131l m\u0131?\u0130lk ad\u0131m, hayaller\u2026 S\u0131n\u0131r koymadan zaman k\u0131s\u0131tlamas\u0131 olmadan\u2026 \u0130mk\u00e2ns\u0131z diye bir \u015fey yoktur diye d\u00fc\u015f\u00fcnerek\u2026<\/p>\n\n\n\n<p>Yapaca\u011f\u0131m\u0131z \u015fey bir eylem plan\u0131 ortaya koymak ve odaklanmak.<\/p>\n\n\n\n<p>Ba\u015far\u0131n\u0131n s\u0131rr\u0131 ne yetenekler\u2026 Ne de \u015fans\u0131n. Sadece inanc\u0131n ve disiplinli \u00e7al\u0131\u015fman ba\u015far\u0131ya ula\u015ft\u0131r\u0131r. \u0130\u015fte bu t\u00fcm ba\u015far\u0131lar\u0131n ba\u015flang\u0131c\u0131d\u0131r.<\/p>\n\n\n\n<p><strong>F\u0130TNAT \u015eA\u015eAL:<\/strong> Te\u015fekk\u00fcrler Esra Karag\u00fclle<\/p>\n\n\n\n<p><strong>ESRA KARAG\u00dcLLE: <\/strong>Ben \u00e7ok te\u015fekk\u00fcr ederim bu g\u00fczel sohbet i\u00e7in.<\/p>\n\n\n\n<figure class=\"wp-block-image size-large\"><img decoding=\"async\" loading=\"lazy\" width=\"916\" height=\"1024\" src=\"https:\/\/arttmodernmiami.com\/wp-content\/uploads\/2023\/07\/image-50-916x1024.png\" alt=\"\" class=\"wp-image-2495\" srcset=\"https:\/\/arttmodernmiami.com\/wp-content\/uploads\/2023\/07\/image-50-916x1024.png 916w, https:\/\/arttmodernmiami.com\/wp-content\/uploads\/2023\/07\/image-50-268x300.png 268w, https:\/\/arttmodernmiami.com\/wp-content\/uploads\/2023\/07\/image-50-768x858.png 768w, https:\/\/arttmodernmiami.com\/wp-content\/uploads\/2023\/07\/image-50-150x168.png 150w, https:\/\/arttmodernmiami.com\/wp-content\/uploads\/2023\/07\/image-50-300x335.png 300w, https:\/\/arttmodernmiami.com\/wp-content\/uploads\/2023\/07\/image-50-696x778.png 696w, https:\/\/arttmodernmiami.com\/wp-content\/uploads\/2023\/07\/image-50.png 927w\" sizes=\"(max-width: 916px) 100vw, 916px\" \/><\/figure>\n\n\n\n<p>Fitnat \u015eA\u015eAL<\/p>\n\n\n\n<p>Celine G\u0131da ve Dan\u0131\u015fmanl\u0131k \u015eirketi Kurucu ve Ceo \u2018su<\/p>\n\n\n\n<p>instagram: fitnatsasal<\/p>\n","protected":false},"excerpt":{"rendered":"<p>Fitnat \u015ea\u015fal, \u0130stanbul Herkese merhaba sevgili ARTTMODERNM\u0130AM\u0130 GAZETE okuyucular\u0131, Yeni bir yaz\u0131yla kar\u015f\u0131n\u0131zday\u0131m. Daha \u00f6nceki yaz\u0131ya g\u00f6sterdi\u011finiz ilgi i\u00e7in te\u015fekk\u00fcr ederim. Hayat\u0131mda yeni bir ba\u015flang\u0131c\u0131n ba\u015f\u0131nday\u0131m. Kendimi yenilemeyi seviyorum, \u015fu anki durumda tam anlam\u0131yla bu! K\u0131saca kendimden bahsetmek gerekirse; Uzun y\u0131llar T\u00fcrkiye\u2019nin \u00f6nemli kurumlar\u0131nda \u00e7al\u0131\u015ft\u0131m. Yurti\u00e7i ve yurtd\u0131\u015f\u0131 Sat\u0131\u015f ve Pazarlama alan\u0131nda y\u00f6neticilik yapt\u0131m. Sonra [&hellip;]<\/p>\n","protected":false},"author":4,"featured_media":2494,"comment_status":"open","ping_status":"open","sticky":false,"template":"","format":"standard","meta":[],"categories":[68],"tags":[100,101,75,72,31],"translation":{"provider":"WPGlobus","version":"3.0.0","language":"tr","enabled_languages":["en","tr"],"languages":{"en":{"title":true,"content":true,"excerpt":false},"tr":{"title":true,"content":true,"excerpt":false}}},"_links":{"self":[{"href":"https:\/\/arttmodernmiami.com\/tr\/wp-json\/wp\/v2\/posts\/2491"}],"collection":[{"href":"https:\/\/arttmodernmiami.com\/tr\/wp-json\/wp\/v2\/posts"}],"about":[{"href":"https:\/\/arttmodernmiami.com\/tr\/wp-json\/wp\/v2\/types\/post"}],"author":[{"embeddable":true,"href":"https:\/\/arttmodernmiami.com\/tr\/wp-json\/wp\/v2\/users\/4"}],"replies":[{"embeddable":true,"href":"https:\/\/arttmodernmiami.com\/tr\/wp-json\/wp\/v2\/comments?post=2491"}],"version-history":[{"count":7,"href":"https:\/\/arttmodernmiami.com\/tr\/wp-json\/wp\/v2\/posts\/2491\/revisions"}],"predecessor-version":[{"id":2506,"href":"https:\/\/arttmodernmiami.com\/tr\/wp-json\/wp\/v2\/posts\/2491\/revisions\/2506"}],"wp:featuredmedia":[{"embeddable":true,"href":"https:\/\/arttmodernmiami.com\/tr\/wp-json\/wp\/v2\/media\/2494"}],"wp:attachment":[{"href":"https:\/\/arttmodernmiami.com\/tr\/wp-json\/wp\/v2\/media?parent=2491"}],"wp:term":[{"taxonomy":"category","embeddable":true,"href":"https:\/\/arttmodernmiami.com\/tr\/wp-json\/wp\/v2\/categories?post=2491"},{"taxonomy":"post_tag","embeddable":true,"href":"https:\/\/arttmodernmiami.com\/tr\/wp-json\/wp\/v2\/tags?post=2491"}],"curies":[{"name":"wp","href":"https:\/\/api.w.org\/{rel}","templated":true}]}}